{"id":264823,"date":"2019-04-21T23:00:35","date_gmt":"2019-04-21T21:00:35","guid":{"rendered":"http:\/\/www.pcnen.com\/portal\/?p=264823"},"modified":"2019-04-21T23:00:35","modified_gmt":"2019-04-21T21:00:35","slug":"makedonija-drugi-krug-odlucice-pobjednika-predsjednickih-izbora","status":"publish","type":"post","link":"https:\/\/www.pcnen.com\/portal\/2019\/04\/21\/makedonija-drugi-krug-odlucice-pobjednika-predsjednickih-izbora\/","title":{"rendered":"Makedonija: Drugi krug odlu\u010di\u0107e pobjednika predsjedni\u010dkih izbora"},"content":{"rendered":"<p><img loading=\"lazy\" decoding=\"async\" class=\"alignright size-full wp-image-200500\" src=\"http:\/\/www.pcnen.com\/portal\/wp-content\/uploads\/2016\/03\/makedonija.jpg\" alt=\"\" width=\"246\" height=\"166\" \/>Prema prvim, nezvani\u010dnim rezultatima predsjedni\u010dkih izbora u Makedoniji, blagu prednost ima kandidat aktuelne vlasti Stevo Penderovski u odnosu na kandidatkinju opozicije Gordanu Siljanovsku Davkov.<\/p>\n<p>Kandidat albanskih stranaka Blerim Reka je je daleko iza njih.<\/p>\n<p>Prema izvoru PCNEN, Siljanovska \u2013 Davkov je slabije pro\u0161la kod glasa\u010da albanske nacionalnosti.<\/p>\n<p>Penderovski i Siljanovska \u2013 Davkov \u0107e, po svemu sude\u0107i, odmjeriti snage u drugom krugu, 5. maja.<\/p>\n","protected":false},"excerpt":{"rendered":"<p>Prema prvim, nezvani\u010dnim rezultatima predsjedni\u010dkih izbora u Makedoniji, blagu prednost ima kandidat aktuelne vlasti Stevo Penderovski u odnosu na kandidatkinju opozicije Gordanu Siljanovsku Davkov. Kandidat albanskih stranaka Blerim Reka je je daleko iza njih. Prema izvoru PCNEN, Siljanovska \u2013 Davkov je slabije pro\u0161la kod glasa\u010da albanske nacionalnosti. Penderovski i Siljanovska \u2013 Davkov \u0107e, po svemu [&hellip;]<\/p>\n","protected":false},"author":1,"featured_media":0,"comment_status":"open","ping_status":"closed","sticky":false,"template":"","format":"standard","meta":{"_seopress_robots_primary_cat":"","_seopress_titles_title":"","_seopress_titles_desc":"","_seopress_robots_index":"","_et_pb_use_builder":"","_et_pb_old_content":"","_et_gb_content_width":"","inline_featured_image":false,"footnotes":""},"categories":[14,12],"tags":[],"class_list":["post-264823","post","type-post","status-publish","format-standard","hentry","category-vijesti","category-prica-dana"],"_links":{"self":[{"href":"https:\/\/www.pcnen.com\/portal\/wp-json\/wp\/v2\/posts\/264823","targetHints":{"allow":["GET"]}}],"collection":[{"href":"https:\/\/www.pcnen.com\/portal\/wp-json\/wp\/v2\/posts"}],"about":[{"href":"https:\/\/www.pcnen.com\/portal\/wp-json\/wp\/v2\/types\/post"}],"author":[{"embeddable":true,"href":"https:\/\/www.pcnen.com\/portal\/wp-json\/wp\/v2\/users\/1"}],"replies":[{"embeddable":true,"href":"https:\/\/www.pcnen.com\/portal\/wp-json\/wp\/v2\/comments?post=264823"}],"version-history":[{"count":0,"href":"https:\/\/www.pcnen.com\/portal\/wp-json\/wp\/v2\/posts\/264823\/revisions"}],"wp:attachment":[{"href":"https:\/\/www.pcnen.com\/portal\/wp-json\/wp\/v2\/media?parent=264823"}],"wp:term":[{"taxonomy":"category","embeddable":true,"href":"https:\/\/www.pcnen.com\/portal\/wp-json\/wp\/v2\/categories?post=264823"},{"taxonomy":"post_tag","embeddable":true,"href":"https:\/\/www.pcnen.com\/portal\/wp-json\/wp\/v2\/tags?post=264823"}],"curies":[{"name":"wp","href":"https:\/\/api.w.org\/{rel}","templated":true}]}}