{"id":264804,"date":"2019-04-21T08:46:31","date_gmt":"2019-04-21T06:46:31","guid":{"rendered":"http:\/\/www.pcnen.com\/portal\/?p=264804"},"modified":"2019-04-21T08:57:14","modified_gmt":"2019-04-21T06:57:14","slug":"smrtonosni-teroristicki-napad-u-sri-lanki","status":"publish","type":"post","link":"https:\/\/www.pcnen.com\/portal\/2019\/04\/21\/smrtonosni-teroristicki-napad-u-sri-lanki\/","title":{"rendered":"Smrtonosni teroristi\u010dki napad u \u0160ri Lanki"},"content":{"rendered":"<p>Najmanje 160 osoba je poginulo, dok je vi\u0161e od 360 povrije\u0111eno u <a href=\"https:\/\/sr.wikipedia.org\/sr-el\/%D0%A8%D1%80%D0%B8_%D0%9B%D0%B0%D0%BD%D0%BA%D0%B0\">\u0160ri Lanki<\/a> u vi\u0161e eksplozija na nekoliko lokacija, uklju\u010duju\u0107i crkve i hotele s pet zvjezdica u glavnome gradu, rekla je policija, a prenosi agencija DPA.<\/p>\n<p>Eksplozije su se dogodile gotovo istovremeno.<\/p>\n<p><iframe loading=\"lazy\" title=\"\u0d9a\u0ddc\u0dc5\u0db9 \u0d9a\u0ddc\u0da0\u0dca\u0da0\u0dd2\u0d9a\u0da9\u0dda \u0dc1\u0dcf\u0db1\u0dca\u0dad \u0d85\u0db1\u0dca\u0dad\u0ddd\u0db1\u0dd2 \u0daf\u0dda\u0dc0\u0dc3\u0dca\u0dae\u0dcf\u0db1\u0dba \u0dad\u0dd4\u0dbd \u0dc3\u0dd2\u0daf\u0dd4\u0dc0\u0dd6 \u0db6\u0ddd\u0db6\u0dca\u0db8 \u0db4\u0dd2\u0db4\u0dd2\u0dbb\u0dd3\u0db8  Kochchikade church subscribe plz\" width=\"1080\" height=\"608\" src=\"https:\/\/www.youtube.com\/embed\/dIFR1Djbj8w?feature=oembed\" frameborder=\"0\" allow=\"accelerometer; autoplay; clipboard-write; encrypted-media; gyroscope; picture-in-picture; web-share\" allowfullscreen><\/iframe><\/p>\n<p>Jedna od pogo\u0111enih crkava, crkva sv. Sebastiana u Negombu, sjeverno od Kolomba, objavila je fotografije razaranja unutar crkve na svojoj Facebook stranici na kojoj se vidi krv na klupama i podu.<\/p>\n<p><iframe loading=\"lazy\" title=\"Several explosions rock churches and hotels on Easter Sunday in Sri Lanka\" width=\"1080\" height=\"608\" src=\"https:\/\/www.youtube.com\/embed\/gbgJy8kqFho?feature=oembed\" frameborder=\"0\" allow=\"accelerometer; autoplay; clipboard-write; encrypted-media; gyroscope; picture-in-picture; web-share\" allowfullscreen><\/iframe><\/p>\n","protected":false},"excerpt":{"rendered":"<p>Najmanje 160 osoba je poginulo, dok je vi\u0161e od 360 povrije\u0111eno u \u0160ri Lanki u vi\u0161e eksplozija na nekoliko lokacija, uklju\u010duju\u0107i crkve i hotele s pet zvjezdica u glavnome gradu, rekla je policija, a prenosi agencija DPA. Eksplozije su se dogodile gotovo istovremeno. Jedna od pogo\u0111enih crkava, crkva sv. Sebastiana u Negombu, sjeverno od Kolomba, [&hellip;]<\/p>\n","protected":false},"author":1,"featured_media":0,"comment_status":"open","ping_status":"closed","sticky":false,"template":"","format":"standard","meta":{"_seopress_robots_primary_cat":"","_seopress_titles_title":"","_seopress_titles_desc":"","_seopress_robots_index":"","_et_pb_use_builder":"","_et_pb_old_content":"","_et_gb_content_width":"","inline_featured_image":false,"footnotes":""},"categories":[14,12],"tags":[],"class_list":["post-264804","post","type-post","status-publish","format-standard","hentry","category-vijesti","category-prica-dana"],"_links":{"self":[{"href":"https:\/\/www.pcnen.com\/portal\/wp-json\/wp\/v2\/posts\/264804","targetHints":{"allow":["GET"]}}],"collection":[{"href":"https:\/\/www.pcnen.com\/portal\/wp-json\/wp\/v2\/posts"}],"about":[{"href":"https:\/\/www.pcnen.com\/portal\/wp-json\/wp\/v2\/types\/post"}],"author":[{"embeddable":true,"href":"https:\/\/www.pcnen.com\/portal\/wp-json\/wp\/v2\/users\/1"}],"replies":[{"embeddable":true,"href":"https:\/\/www.pcnen.com\/portal\/wp-json\/wp\/v2\/comments?post=264804"}],"version-history":[{"count":0,"href":"https:\/\/www.pcnen.com\/portal\/wp-json\/wp\/v2\/posts\/264804\/revisions"}],"wp:attachment":[{"href":"https:\/\/www.pcnen.com\/portal\/wp-json\/wp\/v2\/media?parent=264804"}],"wp:term":[{"taxonomy":"category","embeddable":true,"href":"https:\/\/www.pcnen.com\/portal\/wp-json\/wp\/v2\/categories?post=264804"},{"taxonomy":"post_tag","embeddable":true,"href":"https:\/\/www.pcnen.com\/portal\/wp-json\/wp\/v2\/tags?post=264804"}],"curies":[{"name":"wp","href":"https:\/\/api.w.org\/{rel}","templated":true}]}}