{"id":264800,"date":"2019-04-21T07:46:56","date_gmt":"2019-04-21T05:46:56","guid":{"rendered":"http:\/\/www.pcnen.com\/portal\/?p=264800"},"modified":"2019-04-21T07:48:34","modified_gmt":"2019-04-21T05:48:34","slug":"ponovo-cm-ulicama-podgorice","status":"publish","type":"post","link":"https:\/\/www.pcnen.com\/portal\/2019\/04\/21\/ponovo-cm-ulicama-podgorice\/","title":{"rendered":"Ponovo CM ulicama Podgorice"},"content":{"rendered":"<div id=\"attachment_72883\" style=\"width: 310px\" class=\"wp-caption alignright\"><img loading=\"lazy\" decoding=\"async\" aria-describedby=\"caption-attachment-72883\" class=\"size-medium wp-image-72883\" src=\"http:\/\/www.pcnen.com\/portal\/wp-content\/uploads\/2012\/01\/Biciklisti-Podgorica-300x182.jpg\" alt=\"\" width=\"300\" height=\"182\" \/><p id=\"caption-attachment-72883\" class=\"wp-caption-text\">Crirical mass, arhivski snimak<\/p><\/div>\n<p>Nevladino udru\u017eenje Biciklo.me organizuje danas prvu prvu ovogodi\u0161nju kriti\u010dnu masu (Critical mass) u Podgorici, za koju je povod Dan planete Zemlje, \u201ckojoj \u017eelimo da poka\u017eemo da je nesebi\u010dno \u010duvamo voze\u0107i biciklo kao ekolo\u0161ki najprihvatljivije prevozno sredstvo\u201c.<\/p>\n<p>Vo\u017enja \u0107e biti posve\u0107ena nedavno preminulom crnogorskom diplomati <a href=\"https:\/\/biciklo.me\/in-memoriam-ljubisa-perovic\/\">Ljubi\u0161i Perovi\u0107u<\/a>, \u010dlanu udru\u017eenja, koga \u0107e, kako je navedeno \u201cpamtiti kao velikog humanistu, ekolo\u0161kog vizionara i nepokolebljivog biciklistu\u201c.<\/p>\n<p><a href=\"https:\/\/www.facebook.com\/biciklo.me\/photos\/a.372806916095017\/2711790685529950\/?type=3&amp;theater\">Vo\u017enja<\/a> po\u010dinje sa Trga nezavinosti ta\u010dno u podne.<\/p>\n<p>Ova kriti\u010dna masa bi\u0107e prva aktivnost u sklopu manifestacije Energetski dani Podgorice.<\/p>\n<p>Udru\u017eenje <a href=\"https:\/\/biciklo.me\/o-nama\/\">Biciklo.me<\/a> postoji du\u017ee od pet godina i afirmisalo je gradsko pedalanje i biciklo kao alternativno sredstvo prevoza kontinuiranim kriti\u010dnim vo\u017enjama ulicama Podgorice u posljednje tri godine.<\/p>\n","protected":false},"excerpt":{"rendered":"<p>Vo\u017enja \u0107e biti posve\u0107ena nedavno preminulom crnogorskom diplomati Ljubi\u0161i Perovi\u0107u<\/p>\n","protected":false},"author":1,"featured_media":0,"comment_status":"open","ping_status":"closed","sticky":false,"template":"","format":"standard","meta":{"_seopress_robots_primary_cat":"","_seopress_titles_title":"","_seopress_titles_desc":"","_seopress_robots_index":"","_et_pb_use_builder":"","_et_pb_old_content":"","_et_gb_content_width":"","inline_featured_image":false,"footnotes":""},"categories":[14,12],"tags":[],"class_list":["post-264800","post","type-post","status-publish","format-standard","hentry","category-vijesti","category-prica-dana"],"_links":{"self":[{"href":"https:\/\/www.pcnen.com\/portal\/wp-json\/wp\/v2\/posts\/264800","targetHints":{"allow":["GET"]}}],"collection":[{"href":"https:\/\/www.pcnen.com\/portal\/wp-json\/wp\/v2\/posts"}],"about":[{"href":"https:\/\/www.pcnen.com\/portal\/wp-json\/wp\/v2\/types\/post"}],"author":[{"embeddable":true,"href":"https:\/\/www.pcnen.com\/portal\/wp-json\/wp\/v2\/users\/1"}],"replies":[{"embeddable":true,"href":"https:\/\/www.pcnen.com\/portal\/wp-json\/wp\/v2\/comments?post=264800"}],"version-history":[{"count":0,"href":"https:\/\/www.pcnen.com\/portal\/wp-json\/wp\/v2\/posts\/264800\/revisions"}],"wp:attachment":[{"href":"https:\/\/www.pcnen.com\/portal\/wp-json\/wp\/v2\/media?parent=264800"}],"wp:term":[{"taxonomy":"category","embeddable":true,"href":"https:\/\/www.pcnen.com\/portal\/wp-json\/wp\/v2\/categories?post=264800"},{"taxonomy":"post_tag","embeddable":true,"href":"https:\/\/www.pcnen.com\/portal\/wp-json\/wp\/v2\/tags?post=264800"}],"curies":[{"name":"wp","href":"https:\/\/api.w.org\/{rel}","templated":true}]}}