{"id":264787,"date":"2019-04-20T22:29:55","date_gmt":"2019-04-20T20:29:55","guid":{"rendered":"http:\/\/www.pcnen.com\/portal\/?p=264787"},"modified":"2019-04-20T22:29:55","modified_gmt":"2019-04-20T20:29:55","slug":"vise-sunca-malo-oblaka","status":"publish","type":"post","link":"https:\/\/www.pcnen.com\/portal\/2019\/04\/20\/vise-sunca-malo-oblaka\/","title":{"rendered":"Vi\u0161e sunca, malo oblaka"},"content":{"rendered":"<p><img loading=\"lazy\" decoding=\"async\" class=\"alignright size-full wp-image-79889\" src=\"http:\/\/www.pcnen.com\/portal\/wp-content\/uploads\/2012\/03\/prete\u017eno-sun\u010dano.jpg\" alt=\"\" width=\"259\" height=\"195\" \/>U nedjelju \u0107e u Crnoj Gori biti sun\u010dano, uz slab do umjeren razvoj obla\u010dnosti.<\/p>\n<p>Vjetar \u0107e biti slab do umjeren, ju\u017eni i jugoisto\u010dni.<\/p>\n<p>Jutarnja temperatura vazduha kreta\u0107e se od -2 do 11, najvi\u0161a dnevna 12 do 23 stepena.<\/p>\n<p>U Podgorici \u0107e biti prete\u017eno sun\u010dano.<\/p>\n<p>Duva\u0107e umjeren jugoisto\u010dni i isto\u010dni vjetar.<\/p>\n<p>Jutarnja temperatura vazduha bi\u0107e oko 10, najvi\u0161a dnevna do 23 stepena.<\/p>\n<p>&lt;a href=&#8221;http:\/\/www.meteo.co.me\/misc.php?text=121&amp;amp;sektor=1&amp;amp;grad=DAN&#8221;&gt;Prognoza za ostale gradove.&lt;\/a&gt;<\/p>\n","protected":false},"excerpt":{"rendered":"<p>U nedjelju \u0107e u Crnoj Gori biti sun\u010dano, uz slab do umjeren razvoj obla\u010dnosti. Vjetar \u0107e biti slab do umjeren, ju\u017eni i jugoisto\u010dni. Jutarnja temperatura vazduha kreta\u0107e se od -2 do 11, najvi\u0161a dnevna 12 do 23 stepena. U Podgorici \u0107e biti prete\u017eno sun\u010dano. Duva\u0107e umjeren jugoisto\u010dni i isto\u010dni vjetar. Jutarnja temperatura vazduha bi\u0107e oko [&hellip;]<\/p>\n","protected":false},"author":1,"featured_media":0,"comment_status":"open","ping_status":"closed","sticky":false,"template":"","format":"standard","meta":{"_seopress_robots_primary_cat":"","_seopress_titles_title":"","_seopress_titles_desc":"","_seopress_robots_index":"","_et_pb_use_builder":"","_et_pb_old_content":"","_et_gb_content_width":"","inline_featured_image":false,"footnotes":""},"categories":[14,12],"tags":[],"class_list":["post-264787","post","type-post","status-publish","format-standard","hentry","category-vijesti","category-prica-dana"],"_links":{"self":[{"href":"https:\/\/www.pcnen.com\/portal\/wp-json\/wp\/v2\/posts\/264787","targetHints":{"allow":["GET"]}}],"collection":[{"href":"https:\/\/www.pcnen.com\/portal\/wp-json\/wp\/v2\/posts"}],"about":[{"href":"https:\/\/www.pcnen.com\/portal\/wp-json\/wp\/v2\/types\/post"}],"author":[{"embeddable":true,"href":"https:\/\/www.pcnen.com\/portal\/wp-json\/wp\/v2\/users\/1"}],"replies":[{"embeddable":true,"href":"https:\/\/www.pcnen.com\/portal\/wp-json\/wp\/v2\/comments?post=264787"}],"version-history":[{"count":0,"href":"https:\/\/www.pcnen.com\/portal\/wp-json\/wp\/v2\/posts\/264787\/revisions"}],"wp:attachment":[{"href":"https:\/\/www.pcnen.com\/portal\/wp-json\/wp\/v2\/media?parent=264787"}],"wp:term":[{"taxonomy":"category","embeddable":true,"href":"https:\/\/www.pcnen.com\/portal\/wp-json\/wp\/v2\/categories?post=264787"},{"taxonomy":"post_tag","embeddable":true,"href":"https:\/\/www.pcnen.com\/portal\/wp-json\/wp\/v2\/tags?post=264787"}],"curies":[{"name":"wp","href":"https:\/\/api.w.org\/{rel}","templated":true}]}}