{"id":264784,"date":"2019-04-20T21:51:51","date_gmt":"2019-04-20T19:51:51","guid":{"rendered":"http:\/\/www.pcnen.com\/portal\/?p=264784"},"modified":"2019-04-20T21:51:51","modified_gmt":"2019-04-20T19:51:51","slug":"necemo-stati-dok-ne-obezbijedimo-smjenu-rezima","status":"publish","type":"post","link":"https:\/\/www.pcnen.com\/portal\/2019\/04\/20\/necemo-stati-dok-ne-obezbijedimo-smjenu-rezima\/","title":{"rendered":"Ne\u0107emo stati dok ne obezbijedimo smjenu re\u017eima"},"content":{"rendered":"<p><img loading=\"lazy\" decoding=\"async\" src=\"http:\/\/www.pcnen.com\/portal\/wp-content\/uploads\/2019\/04\/odupri-se-1-300x206.jpg\" alt=\"\" width=\"300\" height=\"206\" class=\"alignright size-medium wp-image-264785\" srcset=\"https:\/\/www.pcnen.com\/portal\/wp-content\/uploads\/2019\/04\/odupri-se-1.jpg 300w, https:\/\/www.pcnen.com\/portal\/wp-content\/uploads\/2019\/04\/odupri-se-1-235x161.jpg 235w, https:\/\/www.pcnen.com\/portal\/wp-content\/uploads\/2019\/04\/odupri-se-1-75x52.jpg 75w, https:\/\/www.pcnen.com\/portal\/wp-content\/uploads\/2019\/04\/odupri-se-1-220x151.jpg 220w\" sizes=\"(max-width: 300px) 100vw, 300px\" \/>Pokret Odupri se ne\u0107e stati dok ne obezbijedi smjenu re\u017eima i predsjednika Crne Gore Mila \u0110ukanovi\u0107a, poru\u010dili su predstavnici pokreta <a href=\"http:\/\/www.pcnen.com\/portal\/2019\/04\/20\/veceras-gradanski-protest-odupri-se\/\">na devetom protestu <\/a>u Podgorici.<\/p>\n<p>Nekoliko hiljada gra\u0111ana okupilo se ve\u010deras na platou ispred Skup\u0161tine, nakon \u010dega su krenuli u protestnu \u0161etnju bulevarom Svetog Petra Cetinjskog do zgrade Radio Televizije Crne Gore (RTCG).<\/p>\n<p>\u201eNe\u0107emo stati dok ne obezbijedimo smjenu re\u017eima i diktatora koji je zauzeo zgradu Predsjednika\u201c, kazao je jedan od predstavnika pokreta Milan Grdini\u0107 i dodao da \u0107e karavan Odupri se obi\u0107i sve gradove u Crnoj Gori.<\/p>\n<p>Predstavnici pokreta Odupri se na bini su prikazali \u201ckako treba da izgleda dnevnik pravog javnog servisa\u201d.<\/p>\n<p>Iz pokreta su pozvali gra\u0111ane da podr\u017ee protest majki, koji \u0107e biti odr\u017ean u ponedeljak, kao i sve aktivnosti Studentske inicijative.<\/p>\n<p>Predstavnik Organizacionog odbora, D\u017eemal Perovi\u0107, kazao je da se stidi \u0161to \u017eivi u dr\u017eavi gdje su, kako je naveo, institucije zarobljene i da je glavni krivac za takvo stanje \u0110ukanovi\u0107, prenosi Mina.<\/p>\n<p>\u201eDok sam ja pjevao Oprosti nam Dubrovni\u010de, on je juri\u0161ao na Dubrovnik. Dok je \u0161irio me\u0111unacionalnu mr\u017enju, mi smo \u0161irili ljubav. \u0110ukanovi\u0107 opstaje na na\u0161im podjelama i strahu. Oslobodimo se straha i oduprimo se\u201c, rekao je Perovi\u0107.<\/p>\n<p>Amar Sadikovi\u0107, u ime studenata, poru\u010dio je da ne pristaje da bude me\u0111u onima koji napu\u0161taju Crnu Goru, niti da ima \u201egospodara\u201c.<\/p>\n<p>\u201eOvo je na\u0161a dr\u017eava, mi smo dr\u017eava\u201c, naveo je on.<\/p>\n<p>Novinar Du\u0161ko Vukovi\u0107 kazao je da je Javni servis, po zakonu, u slu\u017ebi gra\u0111ana.<br \/>\n\u201eNovinarstvo kao profesija mora da bude lojalno samo gra\u0111anima. Da li je novinarstvo RTCG lojalno nama? Po\u010deli smo da se odupiremo i nastavi\u0107emo to da radimo. Odupiru se i oni, i za sada izgleda da im bolje ide. Ali oni imaju savez sa pro\u0161lo\u0161\u0107u, a mi sa budu\u0107no\u0161\u0107u\u201c, naveo je Vukovi\u0107.<\/p>\n<p>\u010clan pokreta Odupri se, Vladan \u0160\u0107epanovi\u0107, poru\u010dio je predsjedniku Atlas grupe Du\u0161ku Kne\u017eevi\u0107u da se \u201ene ruga s narodom, nego da iznese karte na sto\u201c.<\/p>\n<p>\u201eNemojte mi pri\u010dati o va\u0161oj ugro\u017eenoj bezbjednosti i apartmanu u Londonu, i da ste uvijek bili uz narod. Nikad nijeste bili uz narod, nego uz one protiv kojih se mi borimo\u201c, naveo je on.<\/p>\n","protected":false},"excerpt":{"rendered":"<p>Pokret Odupri se ne\u0107e stati dok ne obezbijedi smjenu re\u017eima i predsjednika Crne Gore Mila \u0110ukanovi\u0107a, poru\u010dili su predstavnici pokreta na devetom protestu u Podgorici. Nekoliko hiljada gra\u0111ana okupilo se ve\u010deras na platou ispred Skup\u0161tine, nakon \u010dega su krenuli u protestnu \u0161etnju bulevarom Svetog Petra Cetinjskog do zgrade Radio Televizije Crne Gore (RTCG). \u201eNe\u0107emo stati [&hellip;]<\/p>\n","protected":false},"author":1,"featured_media":264785,"comment_status":"open","ping_status":"closed","sticky":false,"template":"","format":"standard","meta":{"_seopress_robots_primary_cat":"","_seopress_titles_title":"","_seopress_titles_desc":"","_seopress_robots_index":"","_et_pb_use_builder":"","_et_pb_old_content":"","_et_gb_content_width":"","inline_featured_image":false,"footnotes":""},"categories":[14,12],"tags":[],"class_list":["post-264784","post","type-post","status-publish","format-standard","has-post-thumbnail","hentry","category-vijesti","category-prica-dana"],"_links":{"self":[{"href":"https:\/\/www.pcnen.com\/portal\/wp-json\/wp\/v2\/posts\/264784","targetHints":{"allow":["GET"]}}],"collection":[{"href":"https:\/\/www.pcnen.com\/portal\/wp-json\/wp\/v2\/posts"}],"about":[{"href":"https:\/\/www.pcnen.com\/portal\/wp-json\/wp\/v2\/types\/post"}],"author":[{"embeddable":true,"href":"https:\/\/www.pcnen.com\/portal\/wp-json\/wp\/v2\/users\/1"}],"replies":[{"embeddable":true,"href":"https:\/\/www.pcnen.com\/portal\/wp-json\/wp\/v2\/comments?post=264784"}],"version-history":[{"count":0,"href":"https:\/\/www.pcnen.com\/portal\/wp-json\/wp\/v2\/posts\/264784\/revisions"}],"wp:featuredmedia":[{"embeddable":true,"href":"https:\/\/www.pcnen.com\/portal\/wp-json\/wp\/v2\/media\/264785"}],"wp:attachment":[{"href":"https:\/\/www.pcnen.com\/portal\/wp-json\/wp\/v2\/media?parent=264784"}],"wp:term":[{"taxonomy":"category","embeddable":true,"href":"https:\/\/www.pcnen.com\/portal\/wp-json\/wp\/v2\/categories?post=264784"},{"taxonomy":"post_tag","embeddable":true,"href":"https:\/\/www.pcnen.com\/portal\/wp-json\/wp\/v2\/tags?post=264784"}],"curies":[{"name":"wp","href":"https:\/\/api.w.org\/{rel}","templated":true}]}}