{"id":264755,"date":"2019-04-20T13:36:11","date_gmt":"2019-04-20T11:36:11","guid":{"rendered":"http:\/\/www.pcnen.com\/portal\/?p=264755"},"modified":"2019-04-20T19:48:44","modified_gmt":"2019-04-20T17:48:44","slug":"vulin-ne-razumijem-dukanovicev-kukavicluk","status":"publish","type":"post","link":"https:\/\/www.pcnen.com\/portal\/2019\/04\/20\/vulin-ne-razumijem-dukanovicev-kukavicluk\/","title":{"rendered":"Vulin: Ne razumijem \u0110ukanovi\u0107ev kukavi\u010dluk"},"content":{"rendered":"<p><img loading=\"lazy\" decoding=\"async\" src=\"http:\/\/www.pcnen.com\/portal\/wp-content\/uploads\/2018\/02\/aleksandar-vulin-300x254.jpg\" alt=\"\" width=\"300\" height=\"254\" class=\"alignright size-medium wp-image-240743\" \/>Milo \u0110ukanovi\u0107 se ni\u0161ta ne pita o pregovorima koji se vode izme\u0111u Beograda i Pri\u0161tine, ba\u0161 kao \u0161to se sve manje pita i u svojoj zemlji, rekao je ministar odbrane u Vladi Srbije, Aleksandar Vulin.<\/p>\n<p>&#8220;Milo \u0110ukanovi\u0107, \u0161to se manje pita u Crnoj Gori to bi vi\u0161e da se pita u Srbiji. \u0160to ga manje pitaju u Crnoj Gori, \u0161to manje mo\u017ee da kontroli\u0161e politi\u010dku situaciju u Crnoj Gori to bi da pravi nekakve probleme Srbiji ili sa Srbijom&#8221;, izjavio je ministar odbrane Aleksandar Vulin upitan da prokomentari\u0161e izjavu \u0110ukanovi\u0107a koji je za BBC na srpskom rekao rekao da je protiv korekcije granica izme\u0111u centralne Srbije i Kosova.<\/p>\n<p>&#8220;Razumijem \u0110ukanovi\u0107ev strah od promjene granica, to je strah od &#8220;velike Albanije&#8221;. Samo ne razumijem njegov kukavi\u010dluk da ne smije da izgovori &#8220;velika Albanija&#8221; i da ka\u017ee \u010dega se on to zapravo boji. Da li se on to pla\u0161i domino efekta od strane Srbije? Srbija nema nikakve teritorijalne pretenzije prema Crnoj Gori, ali neke druge zemlje imaju&#8221;, rekao je Vulin, <a href=\"http:\/\/www.rts.rs\/page\/stories\/sr\/story\/9\/politika\/3496862\/vulin-razumem-djukanovicev-strah-od-promene-granica-.html\">prenosi RTS.<\/a><\/p>\n<p>Ka\u017ee da mu je te\u0161ko da razumije da Milo \u0110ukanovi\u0107 nema hrabrosti da ka\u017ee ni jednu jedinu rije\u010d kada Edi Rama govori o tome da \u0107e izbrisati granice me\u0111u svim Albancima bez obzira na to gdje oni \u017eive, a \u017eive u Crnoj Gori.<\/p>\n<p>&#8220;Zanimljivo da na to nije reagovao a reaguje na novinske naslove i na ono o \u010demu ni\u0161ta ne zna i za \u0161ta ga niko ne pita&#8221;, rekao je Vulin.<\/p>\n<p>Dodao je da se Milo \u0110ukanovi\u0107 ni\u0161ta ne pita o pregovorima koji se vode izme\u0111u Beograda i Pri\u0161tine ba\u0161 kao \u0161to se sve manje pita i u svojoj zemlji.<\/p>\n<p>&#8220;Zanimljivo je da nije imao takav pani\u010dni strah od domino efekta 2006. godine kada su se razdvajale Srbija i Crna Gora ili da nije osjetio takav strah 2008. godine kada je me\u0111u prvima priznao la\u017enu nezavisnost Kosova. Dakle, kada se komada Srbija to je dobro, pozitivno i nema domino efekta a kada &#8220;velika Albanija&#8221; do\u0111e i do granica Crne Gore onda treba da se pla\u0161i domino efekta&#8221;, smatra srpski ministar odbrane.<\/p>\n<p>Srbija mora i treba da vodi ra\u010duna samo o sebi, svom narodu, svojoj stabilnosti i svom miru a svi ostali neka gledaju \u0161ta su radili 2008. i 2006, \u0161ta su radili kada je Srbiji bilo te\u0161ko pa neka izvla\u010de pouke \u0161ta su stvorili na svojim granicama, poru\u010dio je Vulin.<\/p>\n","protected":false},"excerpt":{"rendered":"<p>Milo \u0110ukanovi\u0107 se ni\u0161ta ne pita o pregovorima koji se vode izme\u0111u Beograda i Pri\u0161tine, ba\u0161 kao \u0161to se sve manje pita i u svojoj zemlji, rekao je ministar odbrane u Vladi Srbije, Aleksandar Vulin. &#8220;Milo \u0110ukanovi\u0107, \u0161to se manje pita u Crnoj Gori to bi vi\u0161e da se pita u Srbiji. \u0160to ga manje [&hellip;]<\/p>\n","protected":false},"author":1,"featured_media":0,"comment_status":"open","ping_status":"closed","sticky":false,"template":"","format":"standard","meta":{"_seopress_robots_primary_cat":"","_seopress_titles_title":"","_seopress_titles_desc":"","_seopress_robots_index":"","_et_pb_use_builder":"","_et_pb_old_content":"","_et_gb_content_width":"","inline_featured_image":false,"footnotes":""},"categories":[14,12],"tags":[],"class_list":["post-264755","post","type-post","status-publish","format-standard","hentry","category-vijesti","category-prica-dana"],"_links":{"self":[{"href":"https:\/\/www.pcnen.com\/portal\/wp-json\/wp\/v2\/posts\/264755","targetHints":{"allow":["GET"]}}],"collection":[{"href":"https:\/\/www.pcnen.com\/portal\/wp-json\/wp\/v2\/posts"}],"about":[{"href":"https:\/\/www.pcnen.com\/portal\/wp-json\/wp\/v2\/types\/post"}],"author":[{"embeddable":true,"href":"https:\/\/www.pcnen.com\/portal\/wp-json\/wp\/v2\/users\/1"}],"replies":[{"embeddable":true,"href":"https:\/\/www.pcnen.com\/portal\/wp-json\/wp\/v2\/comments?post=264755"}],"version-history":[{"count":0,"href":"https:\/\/www.pcnen.com\/portal\/wp-json\/wp\/v2\/posts\/264755\/revisions"}],"wp:attachment":[{"href":"https:\/\/www.pcnen.com\/portal\/wp-json\/wp\/v2\/media?parent=264755"}],"wp:term":[{"taxonomy":"category","embeddable":true,"href":"https:\/\/www.pcnen.com\/portal\/wp-json\/wp\/v2\/categories?post=264755"},{"taxonomy":"post_tag","embeddable":true,"href":"https:\/\/www.pcnen.com\/portal\/wp-json\/wp\/v2\/tags?post=264755"}],"curies":[{"name":"wp","href":"https:\/\/api.w.org\/{rel}","templated":true}]}}