{"id":264750,"date":"2019-04-20T08:25:06","date_gmt":"2019-04-20T06:25:06","guid":{"rendered":"http:\/\/www.pcnen.com\/portal\/?p=264750"},"modified":"2019-04-20T21:52:46","modified_gmt":"2019-04-20T19:52:46","slug":"veceras-gradanski-protest-odupri-se","status":"publish","type":"post","link":"https:\/\/www.pcnen.com\/portal\/2019\/04\/20\/veceras-gradanski-protest-odupri-se\/","title":{"rendered":"Ve\u010deras gra\u0111anski protest &#8216;Odupri se&#8217;"},"content":{"rendered":"<p><img loading=\"lazy\" decoding=\"async\" class=\"alignright size-medium wp-image-264584\" src=\"http:\/\/www.pcnen.com\/portal\/wp-content\/uploads\/2019\/04\/odupri-se-300x91.jpg\" alt=\"\" width=\"300\" height=\"91\" srcset=\"https:\/\/www.pcnen.com\/portal\/wp-content\/uploads\/2019\/04\/odupri-se-300x91.jpg 300w, https:\/\/www.pcnen.com\/portal\/wp-content\/uploads\/2019\/04\/odupri-se-235x71.jpg 235w, https:\/\/www.pcnen.com\/portal\/wp-content\/uploads\/2019\/04\/odupri-se-75x23.jpg 75w, https:\/\/www.pcnen.com\/portal\/wp-content\/uploads\/2019\/04\/odupri-se-350x106.jpg 350w, https:\/\/www.pcnen.com\/portal\/wp-content\/uploads\/2019\/04\/odupri-se-220x67.jpg 220w, https:\/\/www.pcnen.com\/portal\/wp-content\/uploads\/2019\/04\/odupri-se.jpg 400w\" sizes=\"(max-width: 300px) 100vw, 300px\" \/>Za ve\u010deras je u Podgorici najavljen, deveti po redu, <a href=\"https:\/\/www.facebook.com\/oduprisecg\/\">gra\u0111anski protest<\/a> pod sloganom &#8220;Odupri se &#8211; 97.000&#8221;, a njegov po\u010detak planiran je u 19 sati na platou ispred zgrade Skup\u0161tine Crne Gore.<\/p>\n<p>Organizatori protesta su najavili da \u0107e se ve\u010deras koncentrisati \u201cna jednu od najsramnijih karika ovog sistema, koja 30 godina, jo\u0161 od svojih ratnohu\u0161ka\u010dkih poduhvata, zaga\u0111uje i truje na\u0161u javnost\u201c. \u201cTakozvani Javni servis, koji smo preimenovali u Sramni servis, je partijsko glasilo, koje je vi\u0161e od mjesec dana ignorisalo sopstvene gra\u0111ane, \u010dak i onda kada su se u hiljadama okupljali ispred njihove zgrade. Za Sramni servis tada su mnogo va\u017enije bile izjave korumpiranih zvani\u010dnika od glasa sopstvenih gra\u0111ana koji ga finansiraju\u201c.<\/p>\n<p>\u201cZaglu\u0161imo njihove la\u017ene vijesti pi\u0161taljkama, vuvuzelama, \u010degrtaljkama i \u0161erpama. Podsjetimo ih na to da zahtijevamo ostavke njihovog Savjeta i generalnog direktora. Podsjetimo ih na to i da je presu\u0111eno da su nekada\u0161nji \u010dlanovi Savjeta i biv\u0161i generalni direktor nezakonito smijenjeni, odnosno da su poni\u0161tene odluke o njihovoj smjeni. Po kom su osnovu, pitamo onda, Bo\u017eidar \u0160undi\u0107 i sada\u0161nji Savjet i dalje u svojim foteljama kada su ih prigrabili na nezakonit na\u010din pomo\u0107u politi\u010dkog nasilja proizvedenog u Skup\u0161tini Crne Gore? Da li \u0107e se ikada u ovoj zemlji reagovati po zakonu?\u201c, poru\u010deno je iz pokreta &#8216; Odupri se&#8217;.<\/p>\n<p>Oni su pozvali gra\u0111ane i gra\u0111anke na istrajnost.<\/p>\n<p>\u201c\u017delimo dr\u017eavu koja se odnosi jednako prema svima! Jedino se zajedni\u010dki za nju mo\u017eemo izboriti! Kao gra\u0111ani, ne dopu\u0161tamo da nas oni koji nam rade i \u017eele zlo usput prave ludim. Odupiremo se jer smo mi dr\u017eava!\u201c<\/p>\n","protected":false},"excerpt":{"rendered":"<p>Organizatori protesta su najavili da \u0107e se ve\u010deras koncentrisati na RTCG, \u201cjednu od najsramnijih karika ovog sistema&#8230;&#8221;<\/p>\n","protected":false},"author":1,"featured_media":264584,"comment_status":"open","ping_status":"closed","sticky":false,"template":"","format":"standard","meta":{"_seopress_robots_primary_cat":"","_seopress_titles_title":"","_seopress_titles_desc":"","_seopress_robots_index":"","_et_pb_use_builder":"","_et_pb_old_content":"","_et_gb_content_width":"","inline_featured_image":false,"footnotes":""},"categories":[14],"tags":[],"class_list":["post-264750","post","type-post","status-publish","format-standard","has-post-thumbnail","hentry","category-vijesti"],"_links":{"self":[{"href":"https:\/\/www.pcnen.com\/portal\/wp-json\/wp\/v2\/posts\/264750","targetHints":{"allow":["GET"]}}],"collection":[{"href":"https:\/\/www.pcnen.com\/portal\/wp-json\/wp\/v2\/posts"}],"about":[{"href":"https:\/\/www.pcnen.com\/portal\/wp-json\/wp\/v2\/types\/post"}],"author":[{"embeddable":true,"href":"https:\/\/www.pcnen.com\/portal\/wp-json\/wp\/v2\/users\/1"}],"replies":[{"embeddable":true,"href":"https:\/\/www.pcnen.com\/portal\/wp-json\/wp\/v2\/comments?post=264750"}],"version-history":[{"count":0,"href":"https:\/\/www.pcnen.com\/portal\/wp-json\/wp\/v2\/posts\/264750\/revisions"}],"wp:featuredmedia":[{"embeddable":true,"href":"https:\/\/www.pcnen.com\/portal\/wp-json\/wp\/v2\/media\/264584"}],"wp:attachment":[{"href":"https:\/\/www.pcnen.com\/portal\/wp-json\/wp\/v2\/media?parent=264750"}],"wp:term":[{"taxonomy":"category","embeddable":true,"href":"https:\/\/www.pcnen.com\/portal\/wp-json\/wp\/v2\/categories?post=264750"},{"taxonomy":"post_tag","embeddable":true,"href":"https:\/\/www.pcnen.com\/portal\/wp-json\/wp\/v2\/tags?post=264750"}],"curies":[{"name":"wp","href":"https:\/\/api.w.org\/{rel}","templated":true}]}}