{"id":264743,"date":"2019-04-20T06:51:52","date_gmt":"2019-04-20T04:51:52","guid":{"rendered":"http:\/\/www.pcnen.com\/portal\/?p=264743"},"modified":"2019-04-20T06:51:52","modified_gmt":"2019-04-20T04:51:52","slug":"sta-nam-govori-a-sta-nam-radi","status":"publish","type":"post","link":"https:\/\/www.pcnen.com\/portal\/2019\/04\/20\/sta-nam-govori-a-sta-nam-radi\/","title":{"rendered":"\u0160ta nam govori, a \u0161ta nam radi"},"content":{"rendered":"<p><strong>Pi\u0161e: Vesna Raki\u0107 Vodineli\u0107<\/strong><\/p>\n<p><img loading=\"lazy\" decoding=\"async\" class=\"alignright size-medium wp-image-201462\" src=\"http:\/\/www.pcnen.com\/portal\/wp-content\/uploads\/2016\/03\/Vesna-Rakic-Vodinelic-300x220.jpg\" alt=\"\" width=\"300\" height=\"220\" \/>Govori nam o fa\u0161izmu njegovih protivnika \u2013 Vu\u010di\u0107, koji je propovedao da jedna srpska glava vredi koliko 100 muslimanskih.<\/p>\n<p>Govori nam o fa\u0161izmu, dobijaju\u0107i ovacije kada zove na rad, red i pokornost.<\/p>\n<p>Govori nam o fa\u0161izmu, dok pljuju\u0107i urla na sve \u0161to mrda, a i na one pokorno savijenih glava.<\/p>\n<p>Govori nam o fa\u0161izmu, a njegovi medijski glasnogovornici po milioniti put ponavljaju la\u017ei u koje bedno i gladno verujemo.<\/p>\n<p>Govori nam o budu\u0107nosti, u zemlji od koje je budu\u0107nost posle njegovih sedam godina dalja nego ikad.<\/p>\n<p>Govori nam o budu\u0107nosti me\u0111u gondolama, jarbolima, kulama, \u0161oping molovima, pravom scenografijom za rijaliti na\u0161e sada\u0161njosti.<\/p>\n<p>Govori nam o budu\u0107nosti dok saziva mitinge koji nas vra\u0107aju u pro\u0161lost antibirokratske revolucije, one biv\u0161e budu\u0107nosti koja se zavr\u0161ila ratom, krvlju i genocidom, na koje je svesrdno hu\u0161kao.<\/p>\n<p>Govori nam o budu\u0107nosti uz pomo\u0107 svojih vulina, vesi\u0107a, krsti\u0107a \u2013 nerecikliranih kadrova pro\u0161losti.<\/p>\n<p>Govori nam o radu, \u010dovek koji nikad nije radio i \u010diji je jedini mi\u0161i\u0107 vredan po\u0161tovanja \u2013 jezik.<\/p>\n<p>Govori nam o radu, ali o ropskom, poni\u017eavaju\u0107em, radu u pelenama.<\/p>\n<p>Govori nam o radu, \u201eotvaraju\u0107i\u201c stotu fabriku koja nije njegova, navodno o\u010daran, ozaren a da niko, pa ni on sam, ne zna \u010dime.<\/p>\n<p>Govori nam o radu ljudi koji nemaju posla \u2013 eeeej.<\/p>\n<p>Govori nam o veli\u010danstvenim \u017eenama koje odbrani\u0161e Srbiju (\u010ditaj: njegovu kliku miropomazanu takozvanim izborima) na stepeni\u0161tu Skup\u0161tine Beograda.<\/p>\n<p>Govori nam o \u017eenama \u2013 svojim politi\u010dkim \u017eenama, a Jutkine \u017eene \u017ertve stoje u tesnom hodniku provincijskog suda zajedno sa zlikovcem.<\/p>\n<p>Govori nam o \u017eenama novinarkama Pinka, kao o \u017ertvama, dok novinarku \u017ertvu izjave o lakom kle\u010danju \u201enagra\u0111uje\u201c tako \u0161to svog \u010doveka koji ju je ponizio, unapre\u0111uje na jedan od najmo\u0107nijih polo\u017eaja u zemlji.<\/p>\n<p>Govori nam o \u017eenama, isturenim da brane ne institucije, ne li\u010dnu bezbednost vladara, ve\u0107 tek otrcani kult li\u010dnosti.<\/p>\n<p>Govori nam o dostojanstvu, dok njegovi klovnovi \u201e\u0161trajkuju\u201c gla\u0111u, sistemom blic krig gladovanja od celih pet minuta.<\/p>\n<p>Govori nam o dostojanstvu, bezobrazno \u010dikaju\u0107i na nasilje one za koje neosnovano tvrdi da su nasilnici.<\/p>\n<p>Govori nam o dostojanstvu svojih, koji dirigovano i pokorno ska\u010du na svaki njegov povi\u0161eni ton, bez obzira na zna\u010denje re\u010di \u2013 ska\u010du i stoje aplaudiraju\u0107i urliku i pretnji kao takvima.<\/p>\n<p>Govori nam o dostojanstvu, dopu\u0161taju\u0107i da ga prominentni obo\u017eavalac, znatno stariji od njega, ljubi u ruku.<\/p>\n<p>Govori, govori, beskona\u010dno govori o nekom svom vrlom novom svetu, sa vrlim ljudima-podanicima, jer samo takav svet mo\u017ee da zamisli.<\/p>\n<p>Nikad ne govori o slobodi, demokratiji, pa ni \u2013 uprkos podarenoj tituli najuspe\u0161nijeg studenta prava \u2013 o pravu. Vladavinu prava, kao bezvrednu politi\u010dku kategoriju ostavlja svojim ni\u017eim i poniznim sledbenicima.<\/p>\n<p>I \u0161ta \u0107e biti na velelepnom, u dobroj meri prisilnom mitingu 19. aprila? O, govori\u0107e, govori\u0107e, govori\u0107e o svemu \u0161to ina\u010de govori, naro\u010dito o sebi. Klica\u0107e mu, iako ga ne\u0107e slu\u0161ati. Dolazi\u0107e do nas tek neprijatno povi\u0161eni zvuk njegovih re\u010di, \u010dije zna\u010denje nam ne\u0107e biti va\u017eno. Jer sve \u0161to se od njega odista \u010duje je pretnja i hu\u0161kanje jednih na druge, dok visoko iznad stoji on \u2013 tobo\u017ee usamljeni i neshva\u0107eni vladalac.<\/p>\n<p>Da li \u0107e mu upaliti ovaj mini gra\u0111anski rat \u010dije se pripreme (uklju\u010div i provijant) odvijaju pred svima nama? Jednom, ne ba\u0161 davno, neki drugi la\u017eni prorok svetle budu\u0107nosti je uspeo da otvori klanicu. Ako i ovaj uspe, \u0161ta smo onda zapravo mi? Svi mi.<\/p>\n<p><a href=\"https:\/\/pescanik.net\/sta-nam-govori-a-sta-nam-radi\/\" target=\"_blank\" rel=\"noopener\">Pe\u0161\u010danik.net<\/a><\/p>\n","protected":false},"excerpt":{"rendered":"<p>Vu\u010di\u0107 nam govori  o fa\u0161izmu, dok pljuju\u0107i urla na sve \u0161to mrda, a i na one pokorno savijenih glava<\/p>\n","protected":false},"author":1,"featured_media":0,"comment_status":"open","ping_status":"closed","sticky":false,"template":"","format":"standard","meta":{"_seopress_robots_primary_cat":"","_seopress_titles_title":"","_seopress_titles_desc":"","_seopress_robots_index":"","_et_pb_use_builder":"","_et_pb_old_content":"","_et_gb_content_width":"","inline_featured_image":false,"footnotes":""},"categories":[5],"tags":[],"class_list":["post-264743","post","type-post","status-publish","format-standard","hentry","category-drugi-pisu"],"_links":{"self":[{"href":"https:\/\/www.pcnen.com\/portal\/wp-json\/wp\/v2\/posts\/264743","targetHints":{"allow":["GET"]}}],"collection":[{"href":"https:\/\/www.pcnen.com\/portal\/wp-json\/wp\/v2\/posts"}],"about":[{"href":"https:\/\/www.pcnen.com\/portal\/wp-json\/wp\/v2\/types\/post"}],"author":[{"embeddable":true,"href":"https:\/\/www.pcnen.com\/portal\/wp-json\/wp\/v2\/users\/1"}],"replies":[{"embeddable":true,"href":"https:\/\/www.pcnen.com\/portal\/wp-json\/wp\/v2\/comments?post=264743"}],"version-history":[{"count":0,"href":"https:\/\/www.pcnen.com\/portal\/wp-json\/wp\/v2\/posts\/264743\/revisions"}],"wp:attachment":[{"href":"https:\/\/www.pcnen.com\/portal\/wp-json\/wp\/v2\/media?parent=264743"}],"wp:term":[{"taxonomy":"category","embeddable":true,"href":"https:\/\/www.pcnen.com\/portal\/wp-json\/wp\/v2\/categories?post=264743"},{"taxonomy":"post_tag","embeddable":true,"href":"https:\/\/www.pcnen.com\/portal\/wp-json\/wp\/v2\/tags?post=264743"}],"curies":[{"name":"wp","href":"https:\/\/api.w.org\/{rel}","templated":true}]}}