{"id":264713,"date":"2019-04-19T12:14:53","date_gmt":"2019-04-19T10:14:53","guid":{"rendered":"http:\/\/www.pcnen.com\/portal\/?p=264713"},"modified":"2022-07-29T12:45:17","modified_gmt":"2022-07-29T10:45:17","slug":"droga-na-skolskom-brodu-jadran","status":"publish","type":"post","link":"https:\/\/www.pcnen.com\/portal\/2019\/04\/19\/droga-na-skolskom-brodu-jadran\/","title":{"rendered":"Droga na \u0161kolskom brodu &#8216;Jadran&#8217;?"},"content":{"rendered":"<p><img loading=\"lazy\" decoding=\"async\" class=\"alignright size-full wp-image-118035\" src=\"http:\/\/www.pcnen.com\/portal\/wp-content\/uploads\/2013\/07\/Jadran.jpg\" alt=\"\" width=\"274\" height=\"184\" \/><\/p>\n<p>&#8220;Na osnovu operativnih radnji ovla\u0161\u0107enih slu\u017ebenih lica Odjeljenja za vojno obavje\u0161tajne i bezbjednosne poslove, do\u0161lo se do saznanja da odre\u0111ene kriminalne grupe imaju namjeru da iskoriste krstarenje \u0161kolskog broda &#8220;Jadran&#8221;, koje je bilo planirano za danas, 19. aprila 2019. godine, za sprovo\u0111enje kriminalnih aktivnosti. U ranim jutarnjim \u010dasovima, od strane vojne policije, izvr\u0161en je pregled i pretres \u0161kolskog broda &#8220;Jadran&#8221;, pri \u010demu je prona\u0111eno vi\u0161e desetina kilograma materije za koje se sumnja da se radi o psihoaktivnim supstancama&#8221;, <a href=\"http:\/\/www.mod.gov.me\/vijesti\/198627\/Sprijecena-namjera-kriminalnih-grupa-da-zloupotrijebe-krstarenje-skolskog-broda-Jadran.html\">navodi se u saop\u0161tenju MO.<\/a><\/p>\n<p>O doga\u0111aju je obavije\u0161tena Uprava policije i nadle\u017eno tu\u017eila\u0161tvo.<\/p>\n<p>Istragu zajedno vode Uprava policije i vojno-bezbjedonosni organi, a njome koordinira Vi\u0161e dr\u017eavno tuzila\u0161tvo iz Podgorice.<\/p>\n","protected":false},"excerpt":{"rendered":"<p>Vojna policija je jutros na \u0161kolskom brodu &#8220;Jadran&#8221; prona\u0161la vi\u0161e desetina kilograma materije za koju se sumnja da je droga i tako sprije\u010dila namjeru kriminalnih grupa da zloupotrijebe krstarenje broda, saop\u0161teno je iz Ministarstva odbrane (MO).<\/p>\n","protected":false},"author":1,"featured_media":0,"comment_status":"open","ping_status":"closed","sticky":false,"template":"","format":"standard","meta":{"_seopress_robots_primary_cat":"","_seopress_titles_title":"","_seopress_titles_desc":"","_seopress_robots_index":"","_et_pb_use_builder":"","_et_pb_old_content":"","_et_gb_content_width":"","inline_featured_image":false,"footnotes":""},"categories":[14,12],"tags":[],"class_list":["post-264713","post","type-post","status-publish","format-standard","hentry","category-vijesti","category-prica-dana"],"_links":{"self":[{"href":"https:\/\/www.pcnen.com\/portal\/wp-json\/wp\/v2\/posts\/264713","targetHints":{"allow":["GET"]}}],"collection":[{"href":"https:\/\/www.pcnen.com\/portal\/wp-json\/wp\/v2\/posts"}],"about":[{"href":"https:\/\/www.pcnen.com\/portal\/wp-json\/wp\/v2\/types\/post"}],"author":[{"embeddable":true,"href":"https:\/\/www.pcnen.com\/portal\/wp-json\/wp\/v2\/users\/1"}],"replies":[{"embeddable":true,"href":"https:\/\/www.pcnen.com\/portal\/wp-json\/wp\/v2\/comments?post=264713"}],"version-history":[{"count":1,"href":"https:\/\/www.pcnen.com\/portal\/wp-json\/wp\/v2\/posts\/264713\/revisions"}],"predecessor-version":[{"id":351200,"href":"https:\/\/www.pcnen.com\/portal\/wp-json\/wp\/v2\/posts\/264713\/revisions\/351200"}],"wp:attachment":[{"href":"https:\/\/www.pcnen.com\/portal\/wp-json\/wp\/v2\/media?parent=264713"}],"wp:term":[{"taxonomy":"category","embeddable":true,"href":"https:\/\/www.pcnen.com\/portal\/wp-json\/wp\/v2\/categories?post=264713"},{"taxonomy":"post_tag","embeddable":true,"href":"https:\/\/www.pcnen.com\/portal\/wp-json\/wp\/v2\/tags?post=264713"}],"curies":[{"name":"wp","href":"https:\/\/api.w.org\/{rel}","templated":true}]}}