{"id":264690,"date":"2019-04-18T23:09:38","date_gmt":"2019-04-18T21:09:38","guid":{"rendered":"http:\/\/www.pcnen.com\/portal\/?p=264690"},"modified":"2019-04-18T23:09:38","modified_gmt":"2019-04-18T21:09:38","slug":"bez-padavina","status":"publish","type":"post","link":"https:\/\/www.pcnen.com\/portal\/2019\/04\/18\/bez-padavina\/","title":{"rendered":"Bez padavina"},"content":{"rendered":"<p><img loading=\"lazy\" decoding=\"async\" class=\"alignright size-medium wp-image-195074\" src=\"http:\/\/www.pcnen.com\/portal\/wp-content\/uploads\/2015\/12\/vedro-300x222.jpg\" alt=\"\" width=\"300\" height=\"222\" \/>U ju\u017enim i centralnim krajevima Crne Gore bi\u0107e sun\u010dano, uz slab do umjeren razvoj dnevne obla\u010dnosti.<\/p>\n<p>Na sjeveru zemlje bi\u0107e promjenljivo obla\u010dno sa sun\u010danim intervalima.<\/p>\n<p>Vjetar sa sjevera bi\u0107e mjestimi\u010dno umjeren do poja\u010dan.<\/p>\n<p>Jutarnja temperatura vazduha kreta\u0107e se u rasponu od -2 do 11, a najvi\u0161a dnevna od 9 do 24 stepena.<\/p>\n<p>U Podgorici \u0107e biti sun\u010dano, uz umjeren razvoj obla\u010dnosti tokom popodneva. Vjetar sjeveroisto\u010dni bi\u0107e povremeno umjeren do poja\u010dan. Jutarnja temperatura vazduha bi\u0107e oko 9, a najvi\u0161a dnevna oko 23 stepena.<\/p>\n<p><a href=\"http:\/\/www.meteo.co.me\/misc.php?text=121&amp;sektor=1&amp;grad=DAN\">Prognoza za ostale gradove.<\/a><\/p>\n","protected":false},"excerpt":{"rendered":"<p>Vjetar sa sjevera bi\u0107e mjestimi\u010dno umjeren do poja\u010dan<\/p>\n","protected":false},"author":1,"featured_media":0,"comment_status":"open","ping_status":"closed","sticky":false,"template":"","format":"standard","meta":{"_seopress_robots_primary_cat":"","_seopress_titles_title":"","_seopress_titles_desc":"","_seopress_robots_index":"","_et_pb_use_builder":"","_et_pb_old_content":"","_et_gb_content_width":"","inline_featured_image":false,"footnotes":""},"categories":[14,12],"tags":[],"class_list":["post-264690","post","type-post","status-publish","format-standard","hentry","category-vijesti","category-prica-dana"],"_links":{"self":[{"href":"https:\/\/www.pcnen.com\/portal\/wp-json\/wp\/v2\/posts\/264690","targetHints":{"allow":["GET"]}}],"collection":[{"href":"https:\/\/www.pcnen.com\/portal\/wp-json\/wp\/v2\/posts"}],"about":[{"href":"https:\/\/www.pcnen.com\/portal\/wp-json\/wp\/v2\/types\/post"}],"author":[{"embeddable":true,"href":"https:\/\/www.pcnen.com\/portal\/wp-json\/wp\/v2\/users\/1"}],"replies":[{"embeddable":true,"href":"https:\/\/www.pcnen.com\/portal\/wp-json\/wp\/v2\/comments?post=264690"}],"version-history":[{"count":0,"href":"https:\/\/www.pcnen.com\/portal\/wp-json\/wp\/v2\/posts\/264690\/revisions"}],"wp:attachment":[{"href":"https:\/\/www.pcnen.com\/portal\/wp-json\/wp\/v2\/media?parent=264690"}],"wp:term":[{"taxonomy":"category","embeddable":true,"href":"https:\/\/www.pcnen.com\/portal\/wp-json\/wp\/v2\/categories?post=264690"},{"taxonomy":"post_tag","embeddable":true,"href":"https:\/\/www.pcnen.com\/portal\/wp-json\/wp\/v2\/tags?post=264690"}],"curies":[{"name":"wp","href":"https:\/\/api.w.org\/{rel}","templated":true}]}}