{"id":264688,"date":"2019-04-18T23:03:49","date_gmt":"2019-04-18T21:03:49","guid":{"rendered":"http:\/\/www.pcnen.com\/portal\/?p=264688"},"modified":"2019-04-18T23:03:49","modified_gmt":"2019-04-18T21:03:49","slug":"od-knezevica-nista-novo-na-vecerasnjem-protestu","status":"publish","type":"post","link":"https:\/\/www.pcnen.com\/portal\/2019\/04\/18\/od-knezevica-nista-novo-na-vecerasnjem-protestu\/","title":{"rendered":"Od Kne\u017eevi\u0107a ni\u0161ta novo na ve\u010dera\u0161njem protestu"},"content":{"rendered":"<div id=\"attachment_259485\" style=\"width: 310px\" class=\"wp-caption alignright\"><img loading=\"lazy\" decoding=\"async\" aria-describedby=\"caption-attachment-259485\" class=\"size-medium wp-image-259485\" src=\"http:\/\/www.pcnen.com\/portal\/wp-content\/uploads\/2019\/01\/Djukanovic-Knezevic-300x285.jpg\" alt=\"\" width=\"300\" height=\"285\" \/><p id=\"caption-attachment-259485\" class=\"wp-caption-text\">Foto: Instagram.com<\/p><\/div>\n<p>Ve\u010deras je u Podgorici odr\u017ean protest koji je organizovao pokret \u2018Do slobode\u2019, iza koga stoji predsjednik Atlas grupe Du\u0161ko Kne\u017eevi\u0107, za kojim je crnogorsko pravosu\u0111e raspisalo nacionalnu i me\u0111unarodnu potjernicu zbog sumnji da je po\u010dinio vi\u0161e krivi\u010dnih djela.<\/p>\n<p>Na protest ispred zgrade Specijalnog dr\u017eavnog tu\u017eila\u0161tva okupilo se vi\u0161e stotina ljudi, a Kne\u017eevi\u0107 se obratio posredstvom video linka iz Londona, gdje se sklonio nakon \u0161to je u\u0161ao u otvoreni sukob sa crnogorskim re\u017eimom, \u010diji je saveznik i finansijer, prema sopstvaenom proznanju, bio dugi niz godina.<\/p>\n<p>Kne\u017eevi\u0107 je ponovio ranije iznsene optu\u017ebe protiv lidera DPS i aktuelnog predsjednika Crne Gore, njegove familije i bliskih ljudi iz vrha vlasti.<\/p>\n<p>Na skupu je govorio i nezavisni poslanik Ne\u0111eljko Rudovi\u0107.<\/p>\n","protected":false},"excerpt":{"rendered":"<p>Ve\u010deras je u Podgorici odr\u017ean protest koji je organizovao pokret \u2018Do slobode\u2019, iza koga stoji predsjednik Atlas grupe Du\u0161ko Kne\u017eevi\u0107, za kojim je crnogorsko pravosu\u0111e raspisalo nacionalnu i me\u0111unarodnu potjernicu zbog sumnji da je po\u010dinio vi\u0161e krivi\u010dnih djela. Na protest ispred zgrade Specijalnog dr\u017eavnog tu\u017eila\u0161tva okupilo se vi\u0161e stotina ljudi, a Kne\u017eevi\u0107 se obratio posredstvom [&hellip;]<\/p>\n","protected":false},"author":1,"featured_media":0,"comment_status":"open","ping_status":"closed","sticky":false,"template":"","format":"standard","meta":{"_seopress_robots_primary_cat":"","_seopress_titles_title":"","_seopress_titles_desc":"","_seopress_robots_index":"","_et_pb_use_builder":"","_et_pb_old_content":"","_et_gb_content_width":"","inline_featured_image":false,"footnotes":""},"categories":[14],"tags":[],"class_list":["post-264688","post","type-post","status-publish","format-standard","hentry","category-vijesti"],"_links":{"self":[{"href":"https:\/\/www.pcnen.com\/portal\/wp-json\/wp\/v2\/posts\/264688","targetHints":{"allow":["GET"]}}],"collection":[{"href":"https:\/\/www.pcnen.com\/portal\/wp-json\/wp\/v2\/posts"}],"about":[{"href":"https:\/\/www.pcnen.com\/portal\/wp-json\/wp\/v2\/types\/post"}],"author":[{"embeddable":true,"href":"https:\/\/www.pcnen.com\/portal\/wp-json\/wp\/v2\/users\/1"}],"replies":[{"embeddable":true,"href":"https:\/\/www.pcnen.com\/portal\/wp-json\/wp\/v2\/comments?post=264688"}],"version-history":[{"count":0,"href":"https:\/\/www.pcnen.com\/portal\/wp-json\/wp\/v2\/posts\/264688\/revisions"}],"wp:attachment":[{"href":"https:\/\/www.pcnen.com\/portal\/wp-json\/wp\/v2\/media?parent=264688"}],"wp:term":[{"taxonomy":"category","embeddable":true,"href":"https:\/\/www.pcnen.com\/portal\/wp-json\/wp\/v2\/categories?post=264688"},{"taxonomy":"post_tag","embeddable":true,"href":"https:\/\/www.pcnen.com\/portal\/wp-json\/wp\/v2\/tags?post=264688"}],"curies":[{"name":"wp","href":"https:\/\/api.w.org\/{rel}","templated":true}]}}