{"id":264641,"date":"2019-04-18T08:34:52","date_gmt":"2019-04-18T06:34:52","guid":{"rendered":"http:\/\/www.pcnen.com\/portal\/?p=264641"},"modified":"2020-04-21T13:30:59","modified_gmt":"2020-04-21T11:30:59","slug":"crna-gora-najgora-po-slobodi-medija-u-region","status":"publish","type":"post","link":"https:\/\/www.pcnen.com\/portal\/2019\/04\/18\/crna-gora-najgora-po-slobodi-medija-u-region\/","title":{"rendered":"Crna Gora najgora po slobodi medija u regionu"},"content":{"rendered":"<p>U <a href=\"https:\/\/rsf.org\/en\/reports\/rsf-index-2019-regional-analysis\" target=\"_blank\" rel=\"noopener noreferrer\">izvje\u0161taju Reportera bez granica za 2019. godinu<\/a>, koji procjenjuje medijske slobode \u0161irom svijeta, Crna Gora se nalazi <a href=\"https:\/\/rsf.org\/en\/montenegro\">na 104. mjestu<\/a> od ukupno 180 dr\u017eava.<\/p>\n<p>Crna Gora se nalazi izme\u0111u Mozambika i Brazila.<\/p>\n<p>U odnos na <a href=\"http:\/\/www.pcnen.com\/portal\/2018\/04\/25\/reporteri-bez-granica-raste-animozitet-prema-novinarima\/\" target=\"_blank\" rel=\"noopener noreferrer\">pro\u0161lu godinu<\/a>, Crna Gora je pogor\u0161ala rejting za jedno mjesto.<\/p>\n<p>Rejting su pogo\u0161ale i Srbija i BiH, dok su ga ostale dr\u017eave iz regiona popravile.<\/p>\n<p>Crna Gora je najgore plasirana regionalna dr\u017eava. BiH je zauzela 63. poziciju i ispred je Hrvatske, dr\u017eave \u010dlanice EU, koja je na 64. mjestu, Kosovo na 75, Srbija na 90, a S. Makedonija na 95. mjestu.<\/p>\n<p>Slovenija je najnaprednija od biv\u0161ih jugoslavenskih republika i nalazi se na 34. mjestu.<\/p>\n<p>Na vrhu liste su tri skandinavske zemlje &#8211; Norve\u0161ka, Finska i \u0160vedska, a na za\u010delju je Sjeverna Koreja.<\/p>\n","protected":false},"excerpt":{"rendered":"<p>U odnos na pro\u0161lu godinu, Crna Gora je pogor\u0161ala rejting za jedno mjesto<\/p>\n","protected":false},"author":1,"featured_media":0,"comment_status":"open","ping_status":"closed","sticky":false,"template":"","format":"standard","meta":{"_seopress_robots_primary_cat":"","_seopress_titles_title":"","_seopress_titles_desc":"","_seopress_robots_index":"","_et_pb_use_builder":"","_et_pb_old_content":"","_et_gb_content_width":"","inline_featured_image":false,"footnotes":""},"categories":[14,12],"tags":[],"class_list":["post-264641","post","type-post","status-publish","format-standard","hentry","category-vijesti","category-prica-dana"],"_links":{"self":[{"href":"https:\/\/www.pcnen.com\/portal\/wp-json\/wp\/v2\/posts\/264641","targetHints":{"allow":["GET"]}}],"collection":[{"href":"https:\/\/www.pcnen.com\/portal\/wp-json\/wp\/v2\/posts"}],"about":[{"href":"https:\/\/www.pcnen.com\/portal\/wp-json\/wp\/v2\/types\/post"}],"author":[{"embeddable":true,"href":"https:\/\/www.pcnen.com\/portal\/wp-json\/wp\/v2\/users\/1"}],"replies":[{"embeddable":true,"href":"https:\/\/www.pcnen.com\/portal\/wp-json\/wp\/v2\/comments?post=264641"}],"version-history":[{"count":1,"href":"https:\/\/www.pcnen.com\/portal\/wp-json\/wp\/v2\/posts\/264641\/revisions"}],"predecessor-version":[{"id":289253,"href":"https:\/\/www.pcnen.com\/portal\/wp-json\/wp\/v2\/posts\/264641\/revisions\/289253"}],"wp:attachment":[{"href":"https:\/\/www.pcnen.com\/portal\/wp-json\/wp\/v2\/media?parent=264641"}],"wp:term":[{"taxonomy":"category","embeddable":true,"href":"https:\/\/www.pcnen.com\/portal\/wp-json\/wp\/v2\/categories?post=264641"},{"taxonomy":"post_tag","embeddable":true,"href":"https:\/\/www.pcnen.com\/portal\/wp-json\/wp\/v2\/tags?post=264641"}],"curies":[{"name":"wp","href":"https:\/\/api.w.org\/{rel}","templated":true}]}}