{"id":264622,"date":"2019-04-17T21:22:48","date_gmt":"2019-04-17T19:22:48","guid":{"rendered":"http:\/\/www.pcnen.com\/portal\/?p=264622"},"modified":"2019-04-17T21:22:48","modified_gmt":"2019-04-17T19:22:48","slug":"slaba-kisa-i-grmljavina-ponegdje","status":"publish","type":"post","link":"https:\/\/www.pcnen.com\/portal\/2019\/04\/17\/slaba-kisa-i-grmljavina-ponegdje\/","title":{"rendered":"Slaba ki\u0161a i grmljavina ponegdje"},"content":{"rendered":"<p><img loading=\"lazy\" decoding=\"async\" class=\"alignright size-full wp-image-167569\" src=\"http:\/\/www.pcnen.com\/portal\/wp-content\/uploads\/2014\/12\/jutro.jpg\" alt=\"\" width=\"300\" height=\"200\" \/>U ju\u017enim i centralnim krajevima Crne Gore bi\u0107e prete\u017eno sun\u010dano, ali \u0107e poslije podne i u ve\u010dernjim satima biti promjenljivo obla\u010dno. Ponegdje, uglavnom u planinama, bi\u0107e mogu\u0107a kratkotrajno ki\u0161a.<\/p>\n<p>Na sjeveru zemlje bi\u0107e umjereno do potpuno obla\u010dno, povremeno sa slabom ki\u0161om, ponegdje i grmljavinom.<\/p>\n<p>Sjeverni vjetar bi\u0107e mjestimi\u010dno umjeren do poja\u010dan.<\/p>\n<p>Jutarnja temperatura vazduha bi\u0107e u rasponu od 1 do 12, a najvi\u0161a dnevna od 5 do 21 stepen.<\/p>\n<p>U Podgorici \u0107e biti prete\u017eno sun\u010dano, s tim \u0161to se za popodne najavljuje umjeren ili poja\u010dan razvoj obla\u010dnosti &#8211; uglavnom bez ki\u0161e. Povremeno \u0107e duvati umjeren sjeveroisto\u010dnui vjetar. Jutarnja temperatura vazduha bi\u0107e oko 10, a najvi\u0161a dnevna do 20 stepeni.<\/p>\n<p><a href=\"http:\/\/www.meteo.co.me\/misc.php?text=121&amp;sektor=1&amp;grad=NIK\">Prognoza za ostale gradove.<\/a><\/p>\n","protected":false},"excerpt":{"rendered":"<p>Sjeverni vjetar bi\u0107e mjestimi\u010dno umjeren do poja\u010dan<\/p>\n","protected":false},"author":1,"featured_media":0,"comment_status":"open","ping_status":"closed","sticky":false,"template":"","format":"standard","meta":{"_seopress_robots_primary_cat":"","_seopress_titles_title":"","_seopress_titles_desc":"","_seopress_robots_index":"","_et_pb_use_builder":"","_et_pb_old_content":"","_et_gb_content_width":"","inline_featured_image":false,"footnotes":""},"categories":[14,12],"tags":[],"class_list":["post-264622","post","type-post","status-publish","format-standard","hentry","category-vijesti","category-prica-dana"],"_links":{"self":[{"href":"https:\/\/www.pcnen.com\/portal\/wp-json\/wp\/v2\/posts\/264622","targetHints":{"allow":["GET"]}}],"collection":[{"href":"https:\/\/www.pcnen.com\/portal\/wp-json\/wp\/v2\/posts"}],"about":[{"href":"https:\/\/www.pcnen.com\/portal\/wp-json\/wp\/v2\/types\/post"}],"author":[{"embeddable":true,"href":"https:\/\/www.pcnen.com\/portal\/wp-json\/wp\/v2\/users\/1"}],"replies":[{"embeddable":true,"href":"https:\/\/www.pcnen.com\/portal\/wp-json\/wp\/v2\/comments?post=264622"}],"version-history":[{"count":0,"href":"https:\/\/www.pcnen.com\/portal\/wp-json\/wp\/v2\/posts\/264622\/revisions"}],"wp:attachment":[{"href":"https:\/\/www.pcnen.com\/portal\/wp-json\/wp\/v2\/media?parent=264622"}],"wp:term":[{"taxonomy":"category","embeddable":true,"href":"https:\/\/www.pcnen.com\/portal\/wp-json\/wp\/v2\/categories?post=264622"},{"taxonomy":"post_tag","embeddable":true,"href":"https:\/\/www.pcnen.com\/portal\/wp-json\/wp\/v2\/tags?post=264622"}],"curies":[{"name":"wp","href":"https:\/\/api.w.org\/{rel}","templated":true}]}}