{"id":264591,"date":"2019-04-17T08:43:10","date_gmt":"2019-04-17T06:43:10","guid":{"rendered":"http:\/\/www.pcnen.com\/portal\/?p=264591"},"modified":"2019-04-17T13:26:39","modified_gmt":"2019-04-17T11:26:39","slug":"podgorica-svako-trece-dijete-nije-primilo-mmr-vakcinu","status":"publish","type":"post","link":"https:\/\/www.pcnen.com\/portal\/2019\/04\/17\/podgorica-svako-trece-dijete-nije-primilo-mmr-vakcinu\/","title":{"rendered":"Podgorica: Svako tre\u0107e dijete nije primilo MMR vakcinu"},"content":{"rendered":"<p><img loading=\"lazy\" decoding=\"async\" src=\"http:\/\/www.pcnen.com\/portal\/wp-content\/uploads\/2017\/04\/vakcina-djeca.jpg\" alt=\"\" width=\"275\" height=\"183\" class=\"alignright size-full wp-image-224351\" \/>Prema podacima Instituta za javno zdravlje i Doma zdravlja Podgorica, u glavnom gradu je MMR-om nevakcinisano svako tre\u0107e dijete uzrasta do tri godine (31,5 odsto), \u0161to je znatno vi\u0161e nego prije tri godine, pi\u0161e Dan.<\/p>\n<p>Prema podacima Uprave za inspekcijske poslove, Zdravstveno sanitarna inspekcija je u 2018. godini podnijela 40 zahtjeva za pokretanje prekr\u0161ajnog postupka u Podgorici, jednog u Nik\u0161i\u0107u, 24 u Beranama, tri u Ulcinju. <\/p>\n","protected":false},"excerpt":{"rendered":"<p>Prema podacima Instituta za javno zdravlje i Doma zdravlja Podgorica, u glavnom gradu je MMR-om nevakcinisano svako tre\u0107e dijete uzrasta do tri godine (31,5 odsto), \u0161to je znatno vi\u0161e nego prije tri godine, pi\u0161e Dan. Prema podacima Uprave za inspekcijske poslove, Zdravstveno sanitarna inspekcija je u 2018. godini podnijela 40 zahtjeva za pokretanje prekr\u0161ajnog postupka [&hellip;]<\/p>\n","protected":false},"author":1,"featured_media":0,"comment_status":"open","ping_status":"closed","sticky":false,"template":"","format":"standard","meta":{"_seopress_robots_primary_cat":"","_seopress_titles_title":"","_seopress_titles_desc":"","_seopress_robots_index":"","_et_pb_use_builder":"","_et_pb_old_content":"","_et_gb_content_width":"","inline_featured_image":false,"footnotes":""},"categories":[14,12],"tags":[],"class_list":["post-264591","post","type-post","status-publish","format-standard","hentry","category-vijesti","category-prica-dana"],"_links":{"self":[{"href":"https:\/\/www.pcnen.com\/portal\/wp-json\/wp\/v2\/posts\/264591","targetHints":{"allow":["GET"]}}],"collection":[{"href":"https:\/\/www.pcnen.com\/portal\/wp-json\/wp\/v2\/posts"}],"about":[{"href":"https:\/\/www.pcnen.com\/portal\/wp-json\/wp\/v2\/types\/post"}],"author":[{"embeddable":true,"href":"https:\/\/www.pcnen.com\/portal\/wp-json\/wp\/v2\/users\/1"}],"replies":[{"embeddable":true,"href":"https:\/\/www.pcnen.com\/portal\/wp-json\/wp\/v2\/comments?post=264591"}],"version-history":[{"count":0,"href":"https:\/\/www.pcnen.com\/portal\/wp-json\/wp\/v2\/posts\/264591\/revisions"}],"wp:attachment":[{"href":"https:\/\/www.pcnen.com\/portal\/wp-json\/wp\/v2\/media?parent=264591"}],"wp:term":[{"taxonomy":"category","embeddable":true,"href":"https:\/\/www.pcnen.com\/portal\/wp-json\/wp\/v2\/categories?post=264591"},{"taxonomy":"post_tag","embeddable":true,"href":"https:\/\/www.pcnen.com\/portal\/wp-json\/wp\/v2\/tags?post=264591"}],"curies":[{"name":"wp","href":"https:\/\/api.w.org\/{rel}","templated":true}]}}