{"id":264570,"date":"2019-04-16T22:53:52","date_gmt":"2019-04-16T20:53:52","guid":{"rendered":"http:\/\/www.pcnen.com\/portal\/?p=264570"},"modified":"2019-04-16T22:53:52","modified_gmt":"2019-04-16T20:53:52","slug":"suncano-do-22-stepena-5","status":"publish","type":"post","link":"https:\/\/www.pcnen.com\/portal\/2019\/04\/16\/suncano-do-22-stepena-5\/","title":{"rendered":"Sun\u010dano, do 22 stepena"},"content":{"rendered":"<p><img loading=\"lazy\" decoding=\"async\" src=\"http:\/\/www.pcnen.com\/portal\/wp-content\/uploads\/2012\/10\/pretezno-suncano-300x225.jpg\" alt=\"\" width=\"300\" height=\"225\" class=\"alignright size-medium wp-image-96854\" \/>U srijedu \u0107e u Crnoj Gori biti prete\u017eno sun\u010dano. <\/p>\n<p>Poslije podne ponegdje \u0107e biti uslova za kratkotrajnu ki\u0161u ili pljusak i grmljavinu, u planinskim oblastima na jugozapadu zemlje.<br \/>\nVjetar \u0107e biti slab do umjeren, sjeverni, tokom no\u0107i mjestimi\u010dno umjeren do poja\u010dan. <\/p>\n<p>Jutarnja temperatura vazduha kreta\u0107e se od -3 do 10, najvi\u0161a dnevna 10 do 22 stepena.<\/p>\n<p>U Podgorici \u0107e viti prete\u017eno sun\u010dano. U popodnevnim satima, uz umjeren razvoj obla\u010dnosti, postoji  mala mogu\u0107nost za kratkotrajnu ki\u0161u i grmljavinu. <\/p>\n<p>Vjetar \u0107e biti slab i promjenljiv, u no\u0107nim satima umjeren, sjeveroisto\u010dni. <\/p>\n<p>Jutarnja temperatura vazduha bi\u0107e oko 7, najvi\u0161a dnevna do 22 stepena.  <\/p>\n<p><a href=\"http:\/\/www.meteo.co.me\/misc.php?text=121&amp;sektor=1&amp;grad=PET\">Prognoza za ostale gradove.<\/a><\/p>\n","protected":false},"excerpt":{"rendered":"<p>U srijedu \u0107e u Crnoj Gori biti prete\u017eno sun\u010dano. Poslije podne ponegdje \u0107e biti uslova za kratkotrajnu ki\u0161u ili pljusak i grmljavinu, u planinskim oblastima na jugozapadu zemlje. Vjetar \u0107e biti slab do umjeren, sjeverni, tokom no\u0107i mjestimi\u010dno umjeren do poja\u010dan. Jutarnja temperatura vazduha kreta\u0107e se od -3 do 10, najvi\u0161a dnevna 10 do 22 [&hellip;]<\/p>\n","protected":false},"author":1,"featured_media":0,"comment_status":"open","ping_status":"closed","sticky":false,"template":"","format":"standard","meta":{"_seopress_robots_primary_cat":"","_seopress_titles_title":"","_seopress_titles_desc":"","_seopress_robots_index":"","_et_pb_use_builder":"","_et_pb_old_content":"","_et_gb_content_width":"","inline_featured_image":false,"footnotes":""},"categories":[14,12],"tags":[],"class_list":["post-264570","post","type-post","status-publish","format-standard","hentry","category-vijesti","category-prica-dana"],"_links":{"self":[{"href":"https:\/\/www.pcnen.com\/portal\/wp-json\/wp\/v2\/posts\/264570","targetHints":{"allow":["GET"]}}],"collection":[{"href":"https:\/\/www.pcnen.com\/portal\/wp-json\/wp\/v2\/posts"}],"about":[{"href":"https:\/\/www.pcnen.com\/portal\/wp-json\/wp\/v2\/types\/post"}],"author":[{"embeddable":true,"href":"https:\/\/www.pcnen.com\/portal\/wp-json\/wp\/v2\/users\/1"}],"replies":[{"embeddable":true,"href":"https:\/\/www.pcnen.com\/portal\/wp-json\/wp\/v2\/comments?post=264570"}],"version-history":[{"count":0,"href":"https:\/\/www.pcnen.com\/portal\/wp-json\/wp\/v2\/posts\/264570\/revisions"}],"wp:attachment":[{"href":"https:\/\/www.pcnen.com\/portal\/wp-json\/wp\/v2\/media?parent=264570"}],"wp:term":[{"taxonomy":"category","embeddable":true,"href":"https:\/\/www.pcnen.com\/portal\/wp-json\/wp\/v2\/categories?post=264570"},{"taxonomy":"post_tag","embeddable":true,"href":"https:\/\/www.pcnen.com\/portal\/wp-json\/wp\/v2\/tags?post=264570"}],"curies":[{"name":"wp","href":"https:\/\/api.w.org\/{rel}","templated":true}]}}