{"id":264544,"date":"2019-04-16T11:34:21","date_gmt":"2019-04-16T09:34:21","guid":{"rendered":"http:\/\/www.pcnen.com\/portal\/?p=264544"},"modified":"2019-04-17T08:02:50","modified_gmt":"2019-04-17T06:02:50","slug":"odupri-se-zakazao-protest-u-subotu-20-aprila","status":"publish","type":"post","link":"https:\/\/www.pcnen.com\/portal\/2019\/04\/16\/odupri-se-zakazao-protest-u-subotu-20-aprila\/","title":{"rendered":"&#8216;Odupri se&#8217; zakazao protest u subotu 20. aprila"},"content":{"rendered":"<p><img loading=\"lazy\" decoding=\"async\" class=\"alignright size-medium wp-image-264584\" src=\"http:\/\/www.pcnen.com\/portal\/wp-content\/uploads\/2019\/04\/odupri-se-300x91.jpg\" alt=\"\" width=\"300\" height=\"91\" srcset=\"https:\/\/www.pcnen.com\/portal\/wp-content\/uploads\/2019\/04\/odupri-se-300x91.jpg 300w, https:\/\/www.pcnen.com\/portal\/wp-content\/uploads\/2019\/04\/odupri-se-235x71.jpg 235w, https:\/\/www.pcnen.com\/portal\/wp-content\/uploads\/2019\/04\/odupri-se-75x23.jpg 75w, https:\/\/www.pcnen.com\/portal\/wp-content\/uploads\/2019\/04\/odupri-se-350x106.jpg 350w, https:\/\/www.pcnen.com\/portal\/wp-content\/uploads\/2019\/04\/odupri-se-220x67.jpg 220w, https:\/\/www.pcnen.com\/portal\/wp-content\/uploads\/2019\/04\/odupri-se.jpg 400w\" sizes=\"(max-width: 300px) 100vw, 300px\" \/>\u010clan Organizacionog tima gra\u0111anskog pokreta &#8216;Odurpi se&#8217; D\u017eemal Perovi\u0107 je najavio protest u subotu, 20. aprila, u Podgorici i nastavak borbe protiv korumpiranog crnogorskog re\u017eima.<\/p>\n<p>Perovi\u0107 je na <a href=\"https:\/\/www.facebook.com\/oduprisecg\/videos\/270391417174583\/\">konferenciji za novinare<\/a>, odr\u017eanoj na platou ispred zgarada Skup\u0161tine Crne Gore i rezidencije Predsjednika Crne Gore, najavio po\u010detak protesta na tom mjestu u 19.00 \u010dasova.<\/p>\n<p>Perovi\u0107 je rekao da oni iz Organizacionog tima &#8216;Odupri se&#8217; nemaju ni\u0161ta protiv protesta koji je za sjutra zakazao Du\u0161ko Kne\u017eevi\u0107, predsjednik Atlas Grupe koji se nalazi u Londonu, a koji je podr\u017eao Demokratski front, ali je napomenuo da se organizovanjem ovog protesta zbunjuju gra\u0111ani.<\/p>\n","protected":false},"excerpt":{"rendered":"<p>\u010clan Organizacionog tima gra\u0111anskog pokreta &#8216;Odurpi se&#8217; D\u017eemal Perovi\u0107 je najavio protest u subotu, 20. aprila, u Podgorici i nastavak borbe protiv korumpiranog crnogorskog re\u017eima. Perovi\u0107 je na konferenciji za novinare, odr\u017eanoj na platou ispred zgarada Skup\u0161tine Crne Gore i rezidencije Predsjednika Crne Gore, najavio po\u010detak protesta na tom mjestu u 19.00 \u010dasova. Perovi\u0107 je [&hellip;]<\/p>\n","protected":false},"author":1,"featured_media":264584,"comment_status":"open","ping_status":"closed","sticky":false,"template":"","format":"standard","meta":{"_seopress_robots_primary_cat":"","_seopress_titles_title":"","_seopress_titles_desc":"","_seopress_robots_index":"","_et_pb_use_builder":"","_et_pb_old_content":"","_et_gb_content_width":"","inline_featured_image":false,"footnotes":""},"categories":[14,12],"tags":[],"class_list":["post-264544","post","type-post","status-publish","format-standard","has-post-thumbnail","hentry","category-vijesti","category-prica-dana"],"_links":{"self":[{"href":"https:\/\/www.pcnen.com\/portal\/wp-json\/wp\/v2\/posts\/264544","targetHints":{"allow":["GET"]}}],"collection":[{"href":"https:\/\/www.pcnen.com\/portal\/wp-json\/wp\/v2\/posts"}],"about":[{"href":"https:\/\/www.pcnen.com\/portal\/wp-json\/wp\/v2\/types\/post"}],"author":[{"embeddable":true,"href":"https:\/\/www.pcnen.com\/portal\/wp-json\/wp\/v2\/users\/1"}],"replies":[{"embeddable":true,"href":"https:\/\/www.pcnen.com\/portal\/wp-json\/wp\/v2\/comments?post=264544"}],"version-history":[{"count":0,"href":"https:\/\/www.pcnen.com\/portal\/wp-json\/wp\/v2\/posts\/264544\/revisions"}],"wp:featuredmedia":[{"embeddable":true,"href":"https:\/\/www.pcnen.com\/portal\/wp-json\/wp\/v2\/media\/264584"}],"wp:attachment":[{"href":"https:\/\/www.pcnen.com\/portal\/wp-json\/wp\/v2\/media?parent=264544"}],"wp:term":[{"taxonomy":"category","embeddable":true,"href":"https:\/\/www.pcnen.com\/portal\/wp-json\/wp\/v2\/categories?post=264544"},{"taxonomy":"post_tag","embeddable":true,"href":"https:\/\/www.pcnen.com\/portal\/wp-json\/wp\/v2\/tags?post=264544"}],"curies":[{"name":"wp","href":"https:\/\/api.w.org\/{rel}","templated":true}]}}