{"id":264532,"date":"2019-04-16T09:24:36","date_gmt":"2019-04-16T07:24:36","guid":{"rendered":"http:\/\/www.pcnen.com\/portal\/?p=264532"},"modified":"2019-04-16T16:39:27","modified_gmt":"2019-04-16T14:39:27","slug":"nadzora-kamera-u-podgorici-bez-dozvole-nadleznih","status":"publish","type":"post","link":"https:\/\/www.pcnen.com\/portal\/2019\/04\/16\/nadzora-kamera-u-podgorici-bez-dozvole-nadleznih\/","title":{"rendered":"Nadzorna kamera u Podgorici bez dozvole nadle\u017enih"},"content":{"rendered":"<p><img loading=\"lazy\" decoding=\"async\" class=\"alignright size-medium wp-image-239860\" src=\"http:\/\/www.pcnen.com\/portal\/wp-content\/uploads\/2018\/01\/nadzor-kamera-300x234.jpg\" alt=\"\" width=\"300\" height=\"234\" \/>Agencija za za\u0161titu li\u010dnih podataka i slobodan pristup informacijama nije odobrila postavljanje nadzorne kamere na stubu za rasvjetu kod Taba\u010dkog mosta u Podgorici, u ulici koja vodi ka Azerbejd\u017eanskom parku, objavio je dnevnik Dan.<\/p>\n<p>\u201cAgenciji za za\u0161titu li\u010dnih podataka i slobodan pristup informacijama niko nije tra\u017eio dozvolu za postavljanje video-nadzora na ovoj lokaciji. Ukoliko kamera snima javnu povr\u0161inu, ona se odmah mora ukloniti. Agencija \u0107e nakon izvr\u0161enog nadzora konstatovati u \u010dijem je vlasni\u0161tvu parcela na kojoj se nalazi stub sa kamerom i ko je vlasnik stuba. Ukoliko se poka\u017ee da je vlasnik preduze\u0107e koje gazduje rasvjetom, izda\u0107emo rje\u0161enje i subjektu koje gazduje stubom na kojem je javna rasvjeta nalo\u017eiti da ukloni kameru. O\u010digledno je da za snimanje javne povr\u0161ine na tom mjestu i sa tog stuba ne postoje zakonski uslovi i da \u0107e Agencija morati da reaguje, naredi uklanjanje kamere i brisanje snimaka sa\u010dinjenih na taj na\u010din u vremenu za nama\u201d, kazao je za podgori\u010dki list Radenko Lacmanovi\u0107, \u010dlan Savjeta Agencije za za\u0161titu li\u010dnih podataka i slobodan pristup informacijama.<\/p>\n<p>Nedozvoljeno snimanje javnih povr\u0161ina je krivi\u010dno djelo za koje je predvi\u0111ena nov\u010dana i kazna zatvora do godinu dana.<\/p>\n","protected":false},"excerpt":{"rendered":"<p>Agencija za za\u0161titu li\u010dnih podataka i slobodan pristup informacijama nije odobrila postavljanje nadzorne kamere na stubu za rasvjetu kod Taba\u010dkog mosta u Podgorici, u ulici koja vodi ka Azerbejd\u017eanskom parku, objavio je dnevnik Dan. \u201cAgenciji za za\u0161titu li\u010dnih podataka i slobodan pristup informacijama niko nije tra\u017eio dozvolu za postavljanje video-nadzora na ovoj lokaciji. Ukoliko kamera [&hellip;]<\/p>\n","protected":false},"author":1,"featured_media":0,"comment_status":"open","ping_status":"closed","sticky":false,"template":"","format":"standard","meta":{"_seopress_robots_primary_cat":"","_seopress_titles_title":"","_seopress_titles_desc":"","_seopress_robots_index":"","_et_pb_use_builder":"","_et_pb_old_content":"","_et_gb_content_width":"","inline_featured_image":false,"footnotes":""},"categories":[14,12],"tags":[],"class_list":["post-264532","post","type-post","status-publish","format-standard","hentry","category-vijesti","category-prica-dana"],"_links":{"self":[{"href":"https:\/\/www.pcnen.com\/portal\/wp-json\/wp\/v2\/posts\/264532","targetHints":{"allow":["GET"]}}],"collection":[{"href":"https:\/\/www.pcnen.com\/portal\/wp-json\/wp\/v2\/posts"}],"about":[{"href":"https:\/\/www.pcnen.com\/portal\/wp-json\/wp\/v2\/types\/post"}],"author":[{"embeddable":true,"href":"https:\/\/www.pcnen.com\/portal\/wp-json\/wp\/v2\/users\/1"}],"replies":[{"embeddable":true,"href":"https:\/\/www.pcnen.com\/portal\/wp-json\/wp\/v2\/comments?post=264532"}],"version-history":[{"count":0,"href":"https:\/\/www.pcnen.com\/portal\/wp-json\/wp\/v2\/posts\/264532\/revisions"}],"wp:attachment":[{"href":"https:\/\/www.pcnen.com\/portal\/wp-json\/wp\/v2\/media?parent=264532"}],"wp:term":[{"taxonomy":"category","embeddable":true,"href":"https:\/\/www.pcnen.com\/portal\/wp-json\/wp\/v2\/categories?post=264532"},{"taxonomy":"post_tag","embeddable":true,"href":"https:\/\/www.pcnen.com\/portal\/wp-json\/wp\/v2\/tags?post=264532"}],"curies":[{"name":"wp","href":"https:\/\/api.w.org\/{rel}","templated":true}]}}