{"id":264522,"date":"2019-04-16T07:00:22","date_gmt":"2019-04-16T05:00:22","guid":{"rendered":"http:\/\/www.pcnen.com\/portal\/?p=264522"},"modified":"2019-04-15T22:58:16","modified_gmt":"2019-04-15T20:58:16","slug":"suze-mire-markovic-srpske-ledi-magbet","status":"publish","type":"post","link":"https:\/\/www.pcnen.com\/portal\/2019\/04\/16\/suze-mire-markovic-srpske-ledi-magbet\/","title":{"rendered":"Suze Mire Markovi\u0107, srpske ledi Magbet"},"content":{"rendered":"<p><strong><img loading=\"lazy\" decoding=\"async\" class=\"alignright size-medium wp-image-264442\" src=\"http:\/\/www.pcnen.com\/portal\/wp-content\/uploads\/2019\/04\/mira-markovic-300x228.jpg\" alt=\"\" width=\"300\" height=\"228\" srcset=\"https:\/\/www.pcnen.com\/portal\/wp-content\/uploads\/2019\/04\/mira-markovic.jpg 300w, https:\/\/www.pcnen.com\/portal\/wp-content\/uploads\/2019\/04\/mira-markovic-235x179.jpg 235w, https:\/\/www.pcnen.com\/portal\/wp-content\/uploads\/2019\/04\/mira-markovic-75x57.jpg 75w, https:\/\/www.pcnen.com\/portal\/wp-content\/uploads\/2019\/04\/mira-markovic-220x167.jpg 220w\" sizes=\"(max-width: 300px) 100vw, 300px\" \/>Autor: \u00a0Slobodan Duki\u0107<\/strong><\/p>\n<p>Smrt Mire Markovi\u0107, srpske ledi Magbet, supruge Slobodana Milo\u0161evi\u0107a i nekad najmo\u0107nije \u017eene Srbije o\u017eivela je se\u0107anje na susret i razgovor sa njom. U kome je ona zaplakala, bukvalno me ostavljaju\u0107i dugo zbunjenim pred ki\u0161om suza.<\/p>\n<p>Bila je to 93. ili 94. godina minulog veka. Vreme lomova u tada\u0161njem SKJ Pokret za Jugoslaviju. Zvanom i\u00a0 \u201cgeneralska partija\u201d. U njemu su bili pokojna Mira Markovi\u0107 i tako\u0111e pokojni general Stevan Mirkovi\u0107, biv\u0161i na\u010delnik General\u0161taba JNA. Njih dvoje glavni su likovi iskrsli iz se\u0107anja. Bio sam tada dopisnik ljubljanskog Dela. Slovenac, penzionisani pukovnik JNA koji je \u017eiveo u Beogradu, zamerio mi je \u0161to ne pi\u0161em o aktivnostima Mire Markovi\u0107. Prihvatio sam njegovu ponudu za razgovor. Nije dugo pro\u0161lo, a ja sam \u010dekao pred njenom kancelarijom, na desetom spratu tada\u0161nje zgrade CKJ na Novom Beogradu.<\/p>\n<p>Ispred sam zatekao \u010doveka iz njenog obezbe\u0111enja. Rekao mi je da zna za razgovor, ali da moram da pri\u010dekam po\u0161to je Mira Markovi\u0107 na sastanku. Ne znam koliko sam \u010dekao, kad se iz duga\u010dkog hodnika pojavio general Stevan Mirkovi\u0107. Njega sam znao odranije. Bio mi je sagovornik u seriji razgovora sa biv\u0161im jugoslovenskim generalskim vrhom. Te pri\u010de objavilo je ljubljansko Delo. Kod Mirkovi\u0107a sam se zatekao nekoliko puta. \u017diveo je na Dedinju, u Malackovoj ulici broj 10. U po\u010detku smo se sporili o ulozi bra\u010dnog para Milo\u0161evi\u0107-Markovi\u0107 u slomu Jugoslavije. Odricao je njihovu ru\u0161ila\u0161ku rolu. Kleo se u njihovo jugoslovenstvo. Ali kad je Mira Markovi\u0107, zajedno sa\u00a0 Brankom Mamulom, po\u010dela da vrbuje generalski vrh za Milo\u0161evi\u0107ev SPS, \u201cpukla je tikva\u201d. Mirkovi\u0107 je postao najve\u0107i protivnik vladaju\u0107eg bra\u010dnog para. \u201cJa u kancelariju dolazim trolejbusom i autobusom, a Mira Slobinim mercedesom\u2026 Jednom sam tra\u017eio obja\u0161njenje kako su potro\u0161ene pare iz blagajne Pokreta, po\u0161to sam informisan da je deo novca za svoju svadbu potro\u0161io Goran Latinovi\u0107 (kasnije generalni sekretar JUL-a prim.nov). Taj Mirin potr\u010dko me je napao zbog toga u liftu, pa sam morao da nosim \u0161tap da se odbranim\u201d, kazivao mi je general.<\/p>\n<p>Videv\u0161i me ispred kancelarije Mire Markovi\u0107, Mirkovi\u0107 me upitao: \u201c\u0160ta tu radi\u0161 dopisni\u010dar?\u201d \u201c\u010cekam profesorku Markovi\u0107\u201d, odgovorio sam. General je povikao: \u201cKakva profesorka, ona je najobi\u010dnija bitanga. Nego, kad zavr\u0161i\u0161 sa njom do\u0111i kod mene u kancelariju\u201d. \u201cDobro, dobro generale, nare\u0111enje izvr\u0161enje\u201d, na\u0161alio sam se sa njim. Ali, vrag je odneo \u0161alu. Nisam znao da su se Mira i Mirkovi\u0107 na sastanku ljuto zavadili, Markovi\u0107eva je tra\u017eila da se Pokret SKJ, sa ljudima i imovinom, pripoji Milo\u0161evi\u0107evim nacionalsocijalistima. General odan Titu, komunistima i Jugoslaviji bio je protiv, uveren da je Sloba prvi grobar Juge.<\/p>\n<p>Pojavila se i moja doma\u0107ica. \u201cU\u0111ite\u201d, rekla je otvaraju\u0107i vrata kancelarije. Pokazala mi stolicu preko puta. Onda je sela, pokrila lice rukama i po\u010dela da pla\u010de. Predamnom se gu\u0161ila u jecajima najmo\u0107nija \u017eena Srbije. Zbunjen, \u010dekao sam da prestane ova scena. Kako je potrajalo upitao sam je: \u201cZa\u0161to pla\u010dete profesorko Markovi\u0107\u2026?\u201d Odgovor je bio prekidan ridanjem: \u201cOni su mene, oni su mene maltretirali\u2026 pretili su mi\u201d. O\u010dito, Mirkovi\u0107eva generalska struja protive\u0107i se fuziji sa SPS-om, izvr\u0161ila je, vojni\u010dkim re\u010dnikom re\u010deno, frontalni napad na Milo\u0161evi\u0107evu suprugu. Taj sukob, zabele\u017ei\u0107e istorija, bio je povod da Mira i \u201cnjeni\u201d kasnije osnuju JUL i bace se u zagrljaj slobistima. Tako je bra\u010dni par i formalno ozvani\u010dio svoju vladavinu Srbijom. A da. Svratio sam posle toga kod Mirkovi\u0107a. \u201cNeka je plakala\u201d, odgovorio je kad sam mu rekao \u0161ta se dogodilo.<\/p>\n<p>Ljubljansko Delo, ne dugo iza toga, objavilo je razgovor sa mo\u0107nom Slobinom suprugom. Po dogovoru zvao sam je telefonom. Da je upitam ima li primedbi na napisano. \u201cNemam\u201d, odgovorila je, dodav\u0161i, \u201cali niste trebali da napi\u0161ete da sam plakala\u201d. Verovatno je to bio razlog \u0161to se razgovor nije pojavio u knjizi Mire Markovi\u0107 \u201cPitanja i odgovori\u201d. Ali u dokumentaciji Dela on je trajno zabele\u017een.<\/p>\n<p>Srpska ledi Magbet, kako su je neki prozvali zbog njenog uticaja na supruga, pokojnog predsednika Srbije i SR Jugoslavije Slobodana Milo\u0161evi\u0107a, preminula je u nedelju 14. aprila, javili su mediji. O toj \u017eeni pisalo se i pisa\u0107e se jo\u0161 dugo. Svojevremeno, razgovaraju\u0107i sa Jovicom Stani\u0161i\u0107em, nekad \u0161efom Dr\u017eavne bezbednosti i tre\u0107im \u010dovekom u hijerarhiji mo\u0107nih ljudi u Srbiji, \u201cLedeni\u201d, kako su ga zvali njegovi saradnici, ispri\u010da\u0107e mi kako je oti\u0161ao sa mesta \u0161efa DB-a. Prepri\u010dano bilo je ovako: Jovicu je pozvao Sloba i rekao mu da Mira \u017eeli da ga makne. Pitao ga, Jovice \u0161ta ho\u0107e\u0161 da radi\u0161. Ho\u0107u da se bavim za\u0161titom prirode, odgovorio je Stani\u0161i\u0107. Razlog za Stani\u0161i\u0107evo povla\u010denje sa \u010dela Slu\u017ebe bila je \u010dinjenica da je on prezirao Mirinu ekipu \u2013 Mirka Marjanovi\u0107a, predsednika srpske vlade, \u0161efa policije Stojiljkovi\u0107a i druge odane njoj. Moj razgovor sa Stani\u0161i\u0107em o ulozi Mire Markovi\u0107 u njegovoj smeni, objavljen je u Blicu pod naslovom \u201cMira me smenila, Sloba mi dao pare\u201d.<\/p>\n<p><a href=\"https:\/\/www.tacno.net\/beograd\/suze-mire-markovic-srpske-ledi-magbet\/\">Ta\u010dno.net<\/a><\/p>\n","protected":false},"excerpt":{"rendered":"<p>Onda je sela, pokrila lice rukama i po\u010dela da pla\u010de. Predamnom se gu\u0161ila u jecajima najmo\u0107nija \u017eena Srbije<\/p>\n","protected":false},"author":1,"featured_media":264442,"comment_status":"open","ping_status":"closed","sticky":false,"template":"","format":"standard","meta":{"_seopress_robots_primary_cat":"","_seopress_titles_title":"","_seopress_titles_desc":"","_seopress_robots_index":"","_et_pb_use_builder":"","_et_pb_old_content":"","_et_gb_content_width":"","inline_featured_image":false,"footnotes":""},"categories":[5],"tags":[],"class_list":["post-264522","post","type-post","status-publish","format-standard","has-post-thumbnail","hentry","category-drugi-pisu"],"_links":{"self":[{"href":"https:\/\/www.pcnen.com\/portal\/wp-json\/wp\/v2\/posts\/264522","targetHints":{"allow":["GET"]}}],"collection":[{"href":"https:\/\/www.pcnen.com\/portal\/wp-json\/wp\/v2\/posts"}],"about":[{"href":"https:\/\/www.pcnen.com\/portal\/wp-json\/wp\/v2\/types\/post"}],"author":[{"embeddable":true,"href":"https:\/\/www.pcnen.com\/portal\/wp-json\/wp\/v2\/users\/1"}],"replies":[{"embeddable":true,"href":"https:\/\/www.pcnen.com\/portal\/wp-json\/wp\/v2\/comments?post=264522"}],"version-history":[{"count":0,"href":"https:\/\/www.pcnen.com\/portal\/wp-json\/wp\/v2\/posts\/264522\/revisions"}],"wp:featuredmedia":[{"embeddable":true,"href":"https:\/\/www.pcnen.com\/portal\/wp-json\/wp\/v2\/media\/264442"}],"wp:attachment":[{"href":"https:\/\/www.pcnen.com\/portal\/wp-json\/wp\/v2\/media?parent=264522"}],"wp:term":[{"taxonomy":"category","embeddable":true,"href":"https:\/\/www.pcnen.com\/portal\/wp-json\/wp\/v2\/categories?post=264522"},{"taxonomy":"post_tag","embeddable":true,"href":"https:\/\/www.pcnen.com\/portal\/wp-json\/wp\/v2\/tags?post=264522"}],"curies":[{"name":"wp","href":"https:\/\/api.w.org\/{rel}","templated":true}]}}