{"id":264515,"date":"2019-04-15T22:20:07","date_gmt":"2019-04-15T20:20:07","guid":{"rendered":"http:\/\/www.pcnen.com\/portal\/?p=264515"},"modified":"2019-04-15T22:22:38","modified_gmt":"2019-04-15T20:22:38","slug":"duzi-suncani-intervali-na-jugu","status":"publish","type":"post","link":"https:\/\/www.pcnen.com\/portal\/2019\/04\/15\/duzi-suncani-intervali-na-jugu\/","title":{"rendered":"Du\u017ei sun\u010dani intervali na jugu"},"content":{"rendered":"<p><img loading=\"lazy\" decoding=\"async\" class=\"alignright size-medium wp-image-147711\" src=\"http:\/\/www.pcnen.com\/portal\/wp-content\/uploads\/2014\/05\/promjenljivo1-300x225.jpg\" alt=\"\" width=\"300\" height=\"225\" \/>Promjenljivo obla\u010dno sa du\u017eim sun\u010danim intervalima na jugu Crne Gore. Popodne \u0107e biti uslova za slabu kratkotrajnu ki\u0161u ponedje ili, pak, pljusak i grmljavinu, prvenstveno u planinskim oblastima.<\/p>\n<p>Promjenljiv vjetar bi\u0107e slab do umjeren, a u jutarnjim i no\u0107nim satima ponegdje \u0107e duvati umjereno do poja\u010dano sa sjevera i sjeveroistoka.<\/p>\n<p>Jutarnja temperatura vazduha bi\u0107e u rasponu od -1 do 11, a najvi\u0161a dnevna od 8 do 22 stepena.<\/p>\n<p>U Podgorici \u0107e biti malo do umjereno obla\u010dno, sa du\u017eim sun\u010danim intervalima i uglavnom suvo. Vjetar \u0107e duvati uglavnom sa sjevera slabom do umjerenom snagom. Jutarnja temperatura vazduha bi\u0107e oko 9, a najvi\u0161a dnevna do 20 stepeni.<\/p>\n<p><a href=\"http:\/\/www.meteo.co.me\/misc.php?text=121&amp;sektor=1&amp;grad=PET\">Prognoza za ostale gradove.<\/a><\/p>\n","protected":false},"excerpt":{"rendered":"<p>Popodne \u0107e biti uslova za slabu kratkotrajnu ki\u0161u ponedje ili, pak, pljusak i grmljavinu, prvenstveno u planinskim oblastima Crne Gore<\/p>\n","protected":false},"author":1,"featured_media":0,"comment_status":"open","ping_status":"closed","sticky":false,"template":"","format":"standard","meta":{"_seopress_robots_primary_cat":"","_seopress_titles_title":"","_seopress_titles_desc":"","_seopress_robots_index":"","_et_pb_use_builder":"","_et_pb_old_content":"","_et_gb_content_width":"","inline_featured_image":false,"footnotes":""},"categories":[14,12],"tags":[],"class_list":["post-264515","post","type-post","status-publish","format-standard","hentry","category-vijesti","category-prica-dana"],"_links":{"self":[{"href":"https:\/\/www.pcnen.com\/portal\/wp-json\/wp\/v2\/posts\/264515","targetHints":{"allow":["GET"]}}],"collection":[{"href":"https:\/\/www.pcnen.com\/portal\/wp-json\/wp\/v2\/posts"}],"about":[{"href":"https:\/\/www.pcnen.com\/portal\/wp-json\/wp\/v2\/types\/post"}],"author":[{"embeddable":true,"href":"https:\/\/www.pcnen.com\/portal\/wp-json\/wp\/v2\/users\/1"}],"replies":[{"embeddable":true,"href":"https:\/\/www.pcnen.com\/portal\/wp-json\/wp\/v2\/comments?post=264515"}],"version-history":[{"count":0,"href":"https:\/\/www.pcnen.com\/portal\/wp-json\/wp\/v2\/posts\/264515\/revisions"}],"wp:attachment":[{"href":"https:\/\/www.pcnen.com\/portal\/wp-json\/wp\/v2\/media?parent=264515"}],"wp:term":[{"taxonomy":"category","embeddable":true,"href":"https:\/\/www.pcnen.com\/portal\/wp-json\/wp\/v2\/categories?post=264515"},{"taxonomy":"post_tag","embeddable":true,"href":"https:\/\/www.pcnen.com\/portal\/wp-json\/wp\/v2\/tags?post=264515"}],"curies":[{"name":"wp","href":"https:\/\/api.w.org\/{rel}","templated":true}]}}