{"id":264513,"date":"2019-04-15T21:42:17","date_gmt":"2019-04-15T19:42:17","guid":{"rendered":"http:\/\/www.pcnen.com\/portal\/?p=264513"},"modified":"2019-04-15T23:07:57","modified_gmt":"2019-04-15T21:07:57","slug":"rusija-potpuno-prekinula-civilnu-i-vojnu-saradnju-sa-nato","status":"publish","type":"post","link":"https:\/\/www.pcnen.com\/portal\/2019\/04\/15\/rusija-potpuno-prekinula-civilnu-i-vojnu-saradnju-sa-nato\/","title":{"rendered":"Rusija potpuno prekinula civilnu i vojnu saradnju sa NATO"},"content":{"rendered":"<p><img loading=\"lazy\" decoding=\"async\" class=\"alignright size-full wp-image-173205\" src=\"http:\/\/www.pcnen.com\/portal\/wp-content\/uploads\/2015\/02\/NATO_Rusija.jpg\" alt=\"\" width=\"300\" height=\"225\" \/>Rusija i NATO su u potpunosti prekinuli i civilnu i vojnu saradnju, rekao je u intervjuu za Sputnjik zamjenik ruskog \u0161efa diplomatije Aleksandar Gru\u0161ko.<\/p>\n<p>&#8220;NATO je sam odbio konstruktivni razgovor sa Rusijom. On ne postoji. Zasad nema signala da NATO vidi izlaz iz ovog \u0107orsokaka&#8221;, naglasio je on. Prema Gru\u0161kovim rije\u010dima, Alijansa je oti\u0161la isuvi\u0161e daleko u eskalaciji sukoba sa Rusijom.<\/p>\n<p>&#8220;Paradoksalno, ali danas odnos izme\u0111u Rusije i NATO-a najvi\u0161e podsje\u0107a na vrijeme u kom je i osnovan NATO \u2013 uo\u010di Hladnog rata. Ponovo je pala pra\u0161ina sa \u2018Armelove doktrine\u2019: dijalog i obuzdavanje. Samo u toj formuli ima mnogo obuzdavanja i malo dijaloga&#8221;, dodao je ruski diplomata.<\/p>\n<p>On je naglasio da ukupni vojni rashodi zemalja NATO-a za pro\u0161lu godinu prevazilaze bilion dolara, \u0161to je 22 puta vi\u0161e od ruskih tro\u0161kova za odbranu. Pritom, Gru\u0161ko je naglasio da Moskva nema namjeru da u\u010destvuje u trci za pove\u0107anje vojnog bud\u017eeta sa NATO-om.<\/p>\n<p>Sputnjik podsje\u0107a, &#8220;Armelova doktrina&#8221; je sa\u010dinjena 1967. godine i predvi\u0111ala je jaku odbranu i dobre diplomatske odnose sa dr\u017eavama Var\u0161avskog pakta. Pomogla je da se otvori put za smanjenje napetosti izme\u0111u Istoka i Zapada po\u010detkom 1970-ih godina.<\/p>\n","protected":false},"excerpt":{"rendered":"<p>Rusija i NATO su u potpunosti prekinuli i civilnu i vojnu saradnju, rekao je u intervjuu za Sputnjik zamjenik ruskog \u0161efa diplomatije Aleksandar Gru\u0161ko. &#8220;NATO je sam odbio konstruktivni razgovor sa Rusijom. On ne postoji. Zasad nema signala da NATO vidi izlaz iz ovog \u0107orsokaka&#8221;, naglasio je on. Prema Gru\u0161kovim rije\u010dima, Alijansa je oti\u0161la isuvi\u0161e [&hellip;]<\/p>\n","protected":false},"author":1,"featured_media":0,"comment_status":"open","ping_status":"closed","sticky":false,"template":"","format":"standard","meta":{"_seopress_robots_primary_cat":"","_seopress_titles_title":"","_seopress_titles_desc":"","_seopress_robots_index":"","_et_pb_use_builder":"","_et_pb_old_content":"","_et_gb_content_width":"","inline_featured_image":false,"footnotes":""},"categories":[14,12],"tags":[],"class_list":["post-264513","post","type-post","status-publish","format-standard","hentry","category-vijesti","category-prica-dana"],"_links":{"self":[{"href":"https:\/\/www.pcnen.com\/portal\/wp-json\/wp\/v2\/posts\/264513","targetHints":{"allow":["GET"]}}],"collection":[{"href":"https:\/\/www.pcnen.com\/portal\/wp-json\/wp\/v2\/posts"}],"about":[{"href":"https:\/\/www.pcnen.com\/portal\/wp-json\/wp\/v2\/types\/post"}],"author":[{"embeddable":true,"href":"https:\/\/www.pcnen.com\/portal\/wp-json\/wp\/v2\/users\/1"}],"replies":[{"embeddable":true,"href":"https:\/\/www.pcnen.com\/portal\/wp-json\/wp\/v2\/comments?post=264513"}],"version-history":[{"count":0,"href":"https:\/\/www.pcnen.com\/portal\/wp-json\/wp\/v2\/posts\/264513\/revisions"}],"wp:attachment":[{"href":"https:\/\/www.pcnen.com\/portal\/wp-json\/wp\/v2\/media?parent=264513"}],"wp:term":[{"taxonomy":"category","embeddable":true,"href":"https:\/\/www.pcnen.com\/portal\/wp-json\/wp\/v2\/categories?post=264513"},{"taxonomy":"post_tag","embeddable":true,"href":"https:\/\/www.pcnen.com\/portal\/wp-json\/wp\/v2\/tags?post=264513"}],"curies":[{"name":"wp","href":"https:\/\/api.w.org\/{rel}","templated":true}]}}