{"id":264477,"date":"2019-04-15T11:56:12","date_gmt":"2019-04-15T09:56:12","guid":{"rendered":"http:\/\/www.pcnen.com\/portal\/?p=264477"},"modified":"2019-04-15T12:11:29","modified_gmt":"2019-04-15T10:11:29","slug":"knezevic-iznio-teske-optuzbe-na-racun-vdt-stankovica","status":"publish","type":"post","link":"https:\/\/www.pcnen.com\/portal\/2019\/04\/15\/knezevic-iznio-teske-optuzbe-na-racun-vdt-stankovica\/","title":{"rendered":"Kne\u017eevi\u0107 iznio te\u0161ke optu\u017ebe na ra\u010dun VDT Stankovi\u0107a"},"content":{"rendered":"<p><img loading=\"lazy\" decoding=\"async\" class=\" wp-image-261231 alignleft\" src=\"http:\/\/www.pcnen.com\/portal\/wp-content\/uploads\/2019\/02\/knezevic-300x213.jpg\" alt=\"\" width=\"187\" height=\"133\" \/>Predsjednik Atlas Grupe Du\u0161ko Kne\u017eevi\u0107 je optu\u017eio vrhovnog dr\u017eavnog tu\u017eioca Ivicu Stankovi\u0107a da je ogrezao u kriminalu, da uzima mito, a da su mu sinovi povezani sa narko klanovima.<img loading=\"lazy\" decoding=\"async\" class=\"alignright wp-image-160111\" src=\"http:\/\/www.pcnen.com\/portal\/wp-content\/uploads\/2014\/10\/ivica-stankovi\u0107-foto-Dan-300x194.jpg\" alt=\"\" width=\"193\" height=\"125\" \/><\/p>\n<p>\u201cVrhovni dr\u017eavni tu\u017eilac Ivica Stankovi\u0107 je ogrezao u ozbiljan kriminal i to je \u010dovjek koji uzima mito. Vjerovao sam da je hrabar \u010dovjek, da \u0107e shvatiti da je vrijeme da se ova hobotnica raskrinka i da se ne\u0107e pona\u0161ati ovako kako se pona\u0161a. Nemam namjeru da vi\u0161e \u0107utim o njemu, spremio sam dokumentaciju i uskoro \u0107e sve njegove veze i kombinacije biti na svim naslovnim stranama medija \u0161irom Evrope\u201d, rekao ze Kne\u017eevi\u0107 za <a href=\"https:\/\/borba.me\/dusko-knezevic-o-vdt-u-ivica-je-ogrezao-u-kriminal-uzima-mito-a-sinovi-su-mu-povezani-sa-narko-klanovima\/\">Borbu<\/a>, portal \u010diji pokreta\u010d nije poznat, ali ga javnost vezuje za opozicioni Demokratski front.<\/p>\n<p>On je poru\u010dio Stankovi\u0107u da vi\u0161e nema \u010dekanja.<\/p>\n<p>\u201cStankovi\u0107 je uzimao mito, sinovi su mu povezani sa narko klanovima. Moja poruka Ivici Stankovi\u0107u, da vi\u0161e nema \u010dekanja i da je imao dovoljno vremena da se bavi svojim poslom. Njegovo \u0107utanje je znak da je dio kriminalne bande Mila \u0110ukanovi\u0107a i vrijeme je da o njemu sve otkrijem\u201c, kazao je Kne\u017eevi\u0107.<\/p>\n<p>On je kazao da Aco \u0110ukanovi\u0107, brat predsjednika Crne Gore Mila \u0110ukanovi\u0107a, kontroli\u0161e \u010detiri banke: Prvu banku, Univerzal banku, Hipotekarnu i Zapad banku i optu\u017eio ga je da \u201csprema uru\u0161avanje bankarskog sistema\u201c. \u201cMoja poruka ljudima je da podi\u017eu uloge iz banke, da ih povla\u010de i da ne dozvole da budu prevareni\u201d.<\/p>\n<p>Kne\u017eevi\u0107 je najavio da o\u010dekuje do 10 hiljada ljudi na protestu koji je zakazao <a href=\"http:\/\/www.pcnen.com\/portal\/2019\/04\/13\/knezevic-i-df-organizuju-protest-u-cetvrtak\/\">u \u010detvrtak, 18. aprila,<\/a> ispred zgrade u kojoj se nalazi Specijalno dr\u017eavno tu\u017eila\u0161tvo.<\/p>\n<p>\u201cTamo \u0107e svi dobiti instrukcije \u0161ta i kako dalje, jer nakon \u010detvrtka kre\u0107emo u razne, konkretne, akcije, radnim danima. Pozivamo sve gra\u0111ane da do\u0111u, kao i politi\u010dke partije i NVO sektor i &#8216;Odupri se&#8217;. Svi treba da iza\u0111u na ulicu\u201d, poru\u010dio je Kne\u017eevi\u0107.<\/p>\n<p>Kne\u017eevi\u0107 se nalazi u Londonu, gdje se sklonio nakon \u0161to je u\u0161ao u otvoreni sukob sa crnogorskim re\u017eimom, \u010diji je saveznik, po sopstvenom priznanju, bio decenijama. On je u Crnoj Gori osumnji\u010den za vi\u0161e krivi\u010dnih djela i za njim je raspisana nacionalna i me\u0111unarodna potjernica.<\/p>\n","protected":false},"excerpt":{"rendered":"<p>Ogrezao u kriminalu, uzima mito, a sinovi mu povezani sa narko klanovima<\/p>\n","protected":false},"author":1,"featured_media":0,"comment_status":"open","ping_status":"closed","sticky":false,"template":"","format":"standard","meta":{"_seopress_robots_primary_cat":"","_seopress_titles_title":"","_seopress_titles_desc":"","_seopress_robots_index":"","_et_pb_use_builder":"","_et_pb_old_content":"","_et_gb_content_width":"","inline_featured_image":false,"footnotes":""},"categories":[14,12],"tags":[],"class_list":["post-264477","post","type-post","status-publish","format-standard","hentry","category-vijesti","category-prica-dana"],"_links":{"self":[{"href":"https:\/\/www.pcnen.com\/portal\/wp-json\/wp\/v2\/posts\/264477","targetHints":{"allow":["GET"]}}],"collection":[{"href":"https:\/\/www.pcnen.com\/portal\/wp-json\/wp\/v2\/posts"}],"about":[{"href":"https:\/\/www.pcnen.com\/portal\/wp-json\/wp\/v2\/types\/post"}],"author":[{"embeddable":true,"href":"https:\/\/www.pcnen.com\/portal\/wp-json\/wp\/v2\/users\/1"}],"replies":[{"embeddable":true,"href":"https:\/\/www.pcnen.com\/portal\/wp-json\/wp\/v2\/comments?post=264477"}],"version-history":[{"count":0,"href":"https:\/\/www.pcnen.com\/portal\/wp-json\/wp\/v2\/posts\/264477\/revisions"}],"wp:attachment":[{"href":"https:\/\/www.pcnen.com\/portal\/wp-json\/wp\/v2\/media?parent=264477"}],"wp:term":[{"taxonomy":"category","embeddable":true,"href":"https:\/\/www.pcnen.com\/portal\/wp-json\/wp\/v2\/categories?post=264477"},{"taxonomy":"post_tag","embeddable":true,"href":"https:\/\/www.pcnen.com\/portal\/wp-json\/wp\/v2\/tags?post=264477"}],"curies":[{"name":"wp","href":"https:\/\/api.w.org\/{rel}","templated":true}]}}