{"id":264461,"date":"2019-04-14T21:44:10","date_gmt":"2019-04-14T19:44:10","guid":{"rendered":"http:\/\/www.pcnen.com\/portal\/?p=264461"},"modified":"2019-04-14T21:44:10","modified_gmt":"2019-04-14T19:44:10","slug":"popodne-mjestimiclno-kisa-i-grmljavina","status":"publish","type":"post","link":"https:\/\/www.pcnen.com\/portal\/2019\/04\/14\/popodne-mjestimiclno-kisa-i-grmljavina\/","title":{"rendered":"Popodne mjestimi\u010dlno ki\u0161a i grmljavina"},"content":{"rendered":"<p><img loading=\"lazy\" decoding=\"async\" class=\"alignright size-medium wp-image-225574\" src=\"http:\/\/www.pcnen.com\/portal\/wp-content\/uploads\/2017\/05\/suma-225x300.jpg\" alt=\"\" width=\"225\" height=\"300\" \/>Promjenljivo obla\u010dno bi\u0107e u ponedjeljak, a ki\u0161e ili pljuska i grmljavine bi\u0107e mjestimi\u010dno, uglavnom tokom popodneva.<\/p>\n<p>Na jugu Crne Gore se o\u010dekuju du\u017ei sun\u010dani intervali.<\/p>\n<p>U vi\u0161im planinskim krajevima na sjeveru zemlje u no\u0107nim satima ponegdje \u0107e mo\u017eda provijavati snijeg i susnje\u017eica.<\/p>\n<p>Sjeverni i sjeveroisto\u010dni vjetar \u0107e mjestimi\u010dno biti umjeren do poja\u010dan.<\/p>\n<p>Jutarnja temperatura vazduha bi\u0107e u rasponu od 0 do 11, a najvi\u0161a dnevna od 5 do 21 stepen.<\/p>\n<p>U Podgorici \u0107e biti promjenljivo obla\u010dno, sa sun\u010danim intervalima, uz uslove za slabu ki\u0161u ili kratkotrajan pljusak i grmljavinu. Vjetar sjeveroisto\u010dni bi\u0107e povremeno umjeren do poja\u010dan. Jutarnja temperatura vazduha bi\u0107e do 11, a najvi\u0161a dnevna oko 20 stepeni.<\/p>\n<p><a href=\"http:\/\/www.meteo.co.me\/misc.php?text=121&amp;sektor=1&amp;grad=KOT\">Prognoza za ostale gradove.<\/a><\/p>\n","protected":false},"excerpt":{"rendered":"<p>Na jugu Crne Gore se o\u010dekuju du\u017ei sun\u010dani intervali<\/p>\n","protected":false},"author":1,"featured_media":0,"comment_status":"open","ping_status":"closed","sticky":false,"template":"","format":"standard","meta":{"_seopress_robots_primary_cat":"","_seopress_titles_title":"","_seopress_titles_desc":"","_seopress_robots_index":"","_et_pb_use_builder":"","_et_pb_old_content":"","_et_gb_content_width":"","inline_featured_image":false,"footnotes":""},"categories":[14,12],"tags":[],"class_list":["post-264461","post","type-post","status-publish","format-standard","hentry","category-vijesti","category-prica-dana"],"_links":{"self":[{"href":"https:\/\/www.pcnen.com\/portal\/wp-json\/wp\/v2\/posts\/264461","targetHints":{"allow":["GET"]}}],"collection":[{"href":"https:\/\/www.pcnen.com\/portal\/wp-json\/wp\/v2\/posts"}],"about":[{"href":"https:\/\/www.pcnen.com\/portal\/wp-json\/wp\/v2\/types\/post"}],"author":[{"embeddable":true,"href":"https:\/\/www.pcnen.com\/portal\/wp-json\/wp\/v2\/users\/1"}],"replies":[{"embeddable":true,"href":"https:\/\/www.pcnen.com\/portal\/wp-json\/wp\/v2\/comments?post=264461"}],"version-history":[{"count":0,"href":"https:\/\/www.pcnen.com\/portal\/wp-json\/wp\/v2\/posts\/264461\/revisions"}],"wp:attachment":[{"href":"https:\/\/www.pcnen.com\/portal\/wp-json\/wp\/v2\/media?parent=264461"}],"wp:term":[{"taxonomy":"category","embeddable":true,"href":"https:\/\/www.pcnen.com\/portal\/wp-json\/wp\/v2\/categories?post=264461"},{"taxonomy":"post_tag","embeddable":true,"href":"https:\/\/www.pcnen.com\/portal\/wp-json\/wp\/v2\/tags?post=264461"}],"curies":[{"name":"wp","href":"https:\/\/api.w.org\/{rel}","templated":true}]}}