{"id":264456,"date":"2019-04-14T19:35:17","date_gmt":"2019-04-14T17:35:17","guid":{"rendered":"http:\/\/www.pcnen.com\/portal\/?p=264456"},"modified":"2019-04-14T19:35:17","modified_gmt":"2019-04-14T17:35:17","slug":"nikac-prvak-svijeta-u-sahu","status":"publish","type":"post","link":"https:\/\/www.pcnen.com\/portal\/2019\/04\/14\/nikac-prvak-svijeta-u-sahu\/","title":{"rendered":"Nika\u010d prvak svijeta u \u0161ahu"},"content":{"rendered":"<p><img loading=\"lazy\" decoding=\"async\" src=\"http:\/\/www.pcnen.com\/portal\/wp-content\/uploads\/2019\/04\/predrag-nikac-300x225.jpg\" alt=\"\" width=\"300\" height=\"225\" class=\"alignright size-medium wp-image-264457\" srcset=\"https:\/\/www.pcnen.com\/portal\/wp-content\/uploads\/2019\/04\/predrag-nikac.jpg 300w, https:\/\/www.pcnen.com\/portal\/wp-content\/uploads\/2019\/04\/predrag-nikac-235x176.jpg 235w, https:\/\/www.pcnen.com\/portal\/wp-content\/uploads\/2019\/04\/predrag-nikac-75x56.jpg 75w, https:\/\/www.pcnen.com\/portal\/wp-content\/uploads\/2019\/04\/predrag-nikac-220x165.jpg 220w\" sizes=\"(max-width: 300px) 100vw, 300px\" \/>Crnogorski \u0161ahista Predrag Nika\u010d je svjetski prvak. \u010cetvorostruki prvak Crne Gore u apsolutnoj konkurenciji, Nika\u010d, prvo svjetsko zlato zaslu\u017eio je u drugom u\u010de\u0161\u0107u na Svjetskom prvenstvu za \u0161ahiste sa oslabljenim vidom u italijanskom Kaljariju, prenose Vijesti.<\/p>\n<p>Prvo u\u010de\u0161\u0107e na svjetskim prvenstvima za osobe sa o\u0161te\u0107enim vidom, Nika\u010d je u Gr\u010dkoj zavr\u0161io na \u010detvrtom mjestu, a ve\u0107 na drugom u Italiji je stigao do zlata.<\/p>\n<p>Nika\u010d je na \u0160ahovskoj olimpijadi za osobe sa o\u0161te\u0107enim vidom osvojio zlato i to na najja\u010doj, prvoj tabli. U apsolutnoj konkurenciji Nika\u010d je svoje ime upisao u anale i pobjedom na prvom Prvenstvu Crne Gore u \u0161ahu u nezavisnoj Crnoj Gori 2006. godine.  <\/p>\n","protected":false},"excerpt":{"rendered":"<p>Crnogorski \u0161ahista Predrag Nika\u010d je svjetski prvak. \u010cetvorostruki prvak Crne Gore u apsolutnoj konkurenciji, Nika\u010d, prvo svjetsko zlato zaslu\u017eio je u drugom u\u010de\u0161\u0107u na Svjetskom prvenstvu za \u0161ahiste sa oslabljenim vidom u italijanskom Kaljariju, prenose Vijesti. Prvo u\u010de\u0161\u0107e na svjetskim prvenstvima za osobe sa o\u0161te\u0107enim vidom, Nika\u010d je u Gr\u010dkoj zavr\u0161io na \u010detvrtom mjestu, a [&hellip;]<\/p>\n","protected":false},"author":1,"featured_media":264457,"comment_status":"open","ping_status":"closed","sticky":false,"template":"","format":"standard","meta":{"_seopress_robots_primary_cat":"","_seopress_titles_title":"","_seopress_titles_desc":"","_seopress_robots_index":"","_et_pb_use_builder":"","_et_pb_old_content":"","_et_gb_content_width":"","inline_featured_image":false,"footnotes":""},"categories":[14,12],"tags":[],"class_list":["post-264456","post","type-post","status-publish","format-standard","has-post-thumbnail","hentry","category-vijesti","category-prica-dana"],"_links":{"self":[{"href":"https:\/\/www.pcnen.com\/portal\/wp-json\/wp\/v2\/posts\/264456","targetHints":{"allow":["GET"]}}],"collection":[{"href":"https:\/\/www.pcnen.com\/portal\/wp-json\/wp\/v2\/posts"}],"about":[{"href":"https:\/\/www.pcnen.com\/portal\/wp-json\/wp\/v2\/types\/post"}],"author":[{"embeddable":true,"href":"https:\/\/www.pcnen.com\/portal\/wp-json\/wp\/v2\/users\/1"}],"replies":[{"embeddable":true,"href":"https:\/\/www.pcnen.com\/portal\/wp-json\/wp\/v2\/comments?post=264456"}],"version-history":[{"count":0,"href":"https:\/\/www.pcnen.com\/portal\/wp-json\/wp\/v2\/posts\/264456\/revisions"}],"wp:featuredmedia":[{"embeddable":true,"href":"https:\/\/www.pcnen.com\/portal\/wp-json\/wp\/v2\/media\/264457"}],"wp:attachment":[{"href":"https:\/\/www.pcnen.com\/portal\/wp-json\/wp\/v2\/media?parent=264456"}],"wp:term":[{"taxonomy":"category","embeddable":true,"href":"https:\/\/www.pcnen.com\/portal\/wp-json\/wp\/v2\/categories?post=264456"},{"taxonomy":"post_tag","embeddable":true,"href":"https:\/\/www.pcnen.com\/portal\/wp-json\/wp\/v2\/tags?post=264456"}],"curies":[{"name":"wp","href":"https:\/\/api.w.org\/{rel}","templated":true}]}}