{"id":264430,"date":"2019-04-14T13:17:26","date_gmt":"2019-04-14T11:17:26","guid":{"rendered":"http:\/\/www.pcnen.com\/portal\/?p=264430"},"modified":"2019-04-14T15:11:23","modified_gmt":"2019-04-14T13:11:23","slug":"instagram-facebook-i-whatsapp-pali-sirom-svijeta","status":"publish","type":"post","link":"https:\/\/www.pcnen.com\/portal\/2019\/04\/14\/instagram-facebook-i-whatsapp-pali-sirom-svijeta\/","title":{"rendered":"Instagram, Facebook i WhatsApp pali \u0161irom svijeta"},"content":{"rendered":"<p><img loading=\"lazy\" decoding=\"async\" src=\"http:\/\/www.pcnen.com\/portal\/wp-content\/uploads\/2012\/07\/face-i-tviter-300x180.jpg\" alt=\"\" width=\"300\" height=\"180\" class=\"alignright size-medium wp-image-88204\" \/>Danas oko 12 \u010dasova do\u0161lo je do velikih tehni\u010dkih problema \u0161irom svijeta u funkcionisanju dru\u0161tvenih mre\u017ea Instagram, Facebook i WhatsApp.<\/p>\n<p>Pote\u0161ko\u0107e u radu su prijavljene \u0161irom Evrope, Malezije i SAD.<\/p>\n<p>Korisnici ovih dru\u0161tvenih mre\u017ea masovno prijavljuju da se ne otvaraju stranice i servisi u vlasni\u0161tvu kompanije Fejsbuk, Klix.ba.<\/p>\n<p>U kompaniji se jo\u0161 nisu oglasili o kakvom tehni\u010dkom problemu je ta\u010dno rije\u010d. <\/p>\n","protected":false},"excerpt":{"rendered":"<p>Danas oko 12 \u010dasova do\u0161lo je do velikih tehni\u010dkih problema \u0161irom svijeta u funkcionisanju dru\u0161tvenih mre\u017ea Instagram, Facebook i WhatsApp. Pote\u0161ko\u0107e u radu su prijavljene \u0161irom Evrope, Malezije i SAD. Korisnici ovih dru\u0161tvenih mre\u017ea masovno prijavljuju da se ne otvaraju stranice i servisi u vlasni\u0161tvu kompanije Fejsbuk, Klix.ba. U kompaniji se jo\u0161 nisu oglasili o [&hellip;]<\/p>\n","protected":false},"author":1,"featured_media":0,"comment_status":"open","ping_status":"closed","sticky":false,"template":"","format":"standard","meta":{"_seopress_robots_primary_cat":"","_seopress_titles_title":"","_seopress_titles_desc":"","_seopress_robots_index":"","_et_pb_use_builder":"","_et_pb_old_content":"","_et_gb_content_width":"","inline_featured_image":false,"footnotes":""},"categories":[14,12],"tags":[],"class_list":["post-264430","post","type-post","status-publish","format-standard","hentry","category-vijesti","category-prica-dana"],"_links":{"self":[{"href":"https:\/\/www.pcnen.com\/portal\/wp-json\/wp\/v2\/posts\/264430","targetHints":{"allow":["GET"]}}],"collection":[{"href":"https:\/\/www.pcnen.com\/portal\/wp-json\/wp\/v2\/posts"}],"about":[{"href":"https:\/\/www.pcnen.com\/portal\/wp-json\/wp\/v2\/types\/post"}],"author":[{"embeddable":true,"href":"https:\/\/www.pcnen.com\/portal\/wp-json\/wp\/v2\/users\/1"}],"replies":[{"embeddable":true,"href":"https:\/\/www.pcnen.com\/portal\/wp-json\/wp\/v2\/comments?post=264430"}],"version-history":[{"count":0,"href":"https:\/\/www.pcnen.com\/portal\/wp-json\/wp\/v2\/posts\/264430\/revisions"}],"wp:attachment":[{"href":"https:\/\/www.pcnen.com\/portal\/wp-json\/wp\/v2\/media?parent=264430"}],"wp:term":[{"taxonomy":"category","embeddable":true,"href":"https:\/\/www.pcnen.com\/portal\/wp-json\/wp\/v2\/categories?post=264430"},{"taxonomy":"post_tag","embeddable":true,"href":"https:\/\/www.pcnen.com\/portal\/wp-json\/wp\/v2\/tags?post=264430"}],"curies":[{"name":"wp","href":"https:\/\/api.w.org\/{rel}","templated":true}]}}