{"id":264411,"date":"2019-04-13T21:51:30","date_gmt":"2019-04-13T19:51:30","guid":{"rendered":"http:\/\/www.pcnen.com\/portal\/?p=264411"},"modified":"2019-04-13T21:51:30","modified_gmt":"2019-04-13T19:51:30","slug":"u-planinama-moguc-snijeg-i-susnjezica","status":"publish","type":"post","link":"https:\/\/www.pcnen.com\/portal\/2019\/04\/13\/u-planinama-moguc-snijeg-i-susnjezica\/","title":{"rendered":"U planinama mogu\u0107 snijeg i susnje\u017eica"},"content":{"rendered":"<p><img loading=\"lazy\" decoding=\"async\" class=\"alignright size-medium wp-image-112904\" src=\"http:\/\/www.pcnen.com\/portal\/wp-content\/uploads\/2013\/05\/Zalazak-300x202.jpg\" alt=\"\" width=\"300\" height=\"202\" \/>U nedjelju \u0107e biti promjenljivo obla\u010dno sa mjestimi\u010dno slabom ki\u0161om, a ponegdje pljuskom i grmljavinom.<\/p>\n<p>U no\u0107nim satima, u vi\u0161im planinskim krajevima na sjeveru Crne Gore bi\u0107e mogu\u0107 i slab snijeg i susnje\u017eica.<\/p>\n<p>Vjetar promjenljivog smjera slab do umjeren.<\/p>\n<p>Jutarnja temperatura vazduha bi\u0107e od 0 do 11, a najvi\u0161a dnevna od 6 do 20 stepeni.<\/p>\n<p>U Podgorici \u0107e biti promjenljivo obla\u010dno, uz uslove za kratkotrajno ki\u0161u ili pljusak i grmljavinu. Vjetar \u0107e biti slab do umjeren i promjenljiv. Jutarnja temperatura vazduha bi\u0107e oko 10, a najvi\u0161a dnevna oko 19 stepeni.<\/p>\n<p>Prognoza za ostale gradove.<\/p>\n","protected":false},"excerpt":{"rendered":"<p>Jutarnja temperatura vazduha bi\u0107e od 0 do 11, a najvi\u0161a dnevna od 6 do 20 stepeni<\/p>\n","protected":false},"author":1,"featured_media":0,"comment_status":"open","ping_status":"closed","sticky":false,"template":"","format":"standard","meta":{"_seopress_robots_primary_cat":"","_seopress_titles_title":"","_seopress_titles_desc":"","_seopress_robots_index":"","_et_pb_use_builder":"","_et_pb_old_content":"","_et_gb_content_width":"","inline_featured_image":false,"footnotes":""},"categories":[14,12],"tags":[],"class_list":["post-264411","post","type-post","status-publish","format-standard","hentry","category-vijesti","category-prica-dana"],"_links":{"self":[{"href":"https:\/\/www.pcnen.com\/portal\/wp-json\/wp\/v2\/posts\/264411","targetHints":{"allow":["GET"]}}],"collection":[{"href":"https:\/\/www.pcnen.com\/portal\/wp-json\/wp\/v2\/posts"}],"about":[{"href":"https:\/\/www.pcnen.com\/portal\/wp-json\/wp\/v2\/types\/post"}],"author":[{"embeddable":true,"href":"https:\/\/www.pcnen.com\/portal\/wp-json\/wp\/v2\/users\/1"}],"replies":[{"embeddable":true,"href":"https:\/\/www.pcnen.com\/portal\/wp-json\/wp\/v2\/comments?post=264411"}],"version-history":[{"count":0,"href":"https:\/\/www.pcnen.com\/portal\/wp-json\/wp\/v2\/posts\/264411\/revisions"}],"wp:attachment":[{"href":"https:\/\/www.pcnen.com\/portal\/wp-json\/wp\/v2\/media?parent=264411"}],"wp:term":[{"taxonomy":"category","embeddable":true,"href":"https:\/\/www.pcnen.com\/portal\/wp-json\/wp\/v2\/categories?post=264411"},{"taxonomy":"post_tag","embeddable":true,"href":"https:\/\/www.pcnen.com\/portal\/wp-json\/wp\/v2\/tags?post=264411"}],"curies":[{"name":"wp","href":"https:\/\/api.w.org\/{rel}","templated":true}]}}