{"id":264380,"date":"2019-04-13T09:59:05","date_gmt":"2019-04-13T07:59:05","guid":{"rendered":"http:\/\/www.pcnen.com\/portal\/?p=264380"},"modified":"2019-04-13T18:05:55","modified_gmt":"2019-04-13T16:05:55","slug":"knezevic-i-df-organizuju-protest-u-cetvrtak","status":"publish","type":"post","link":"https:\/\/www.pcnen.com\/portal\/2019\/04\/13\/knezevic-i-df-organizuju-protest-u-cetvrtak\/","title":{"rendered":"Kne\u017eevi\u0107 i DF organizuju protest u \u010detvrtak"},"content":{"rendered":"<p><img loading=\"lazy\" decoding=\"async\" class=\"alignright size-medium wp-image-220334\" src=\"http:\/\/www.pcnen.com\/portal\/wp-content\/uploads\/2017\/01\/setnja-protest-300x169.jpg\" alt=\"\" width=\"300\" height=\"169\" \/>Vlasnik Atlas grupe Du\u0161ko Kne\u017eevi\u0107 i njegovi saradnici su zakazali protest za \u010detvrtak 18. aprila ispred zgrade Specijalnog dr\u017eavnog tu\u017eila\u0161tva (SDT) u Podgorici, objavio je portal Vijesti, navode\u0107i da \u0107e ovaj protest podr\u017eati Demokratski fronta, ali ne i ostale opozicione partije i gra\u0111anski pokret \u2018Odupri se\u2019.<\/p>\n<p>&#8220;Veoma sam neprijatno iznena\u0111en izjavama lidera organizacije \u201c97000 odupri se\u201d D\u017eemala Perovi\u0107a da njegova organizacija ne\u0107e podr\u017eati protest protiv re\u017eima koji organizuje pokret <a href=\"https:\/\/www.doslobode.org\/\">\u201cZAJEDNO DO SLOBODE\u201d<\/a>&#8220;, poru\u010dio je Kne\u017eevi\u0107 u <a href=\"http:\/\/www.pcnen.com\/portal\/wp-admin\/post.php?post=264388&amp;action=edit\">izjavi za javnost.<\/a><\/p>\n<p>Kne\u017eevi\u0107 se nalazi u Londonu, gdje se sklonio kada ga je SDT osumnji\u010dilo za vi\u0161e krivi\u010dnih djela. Za njim je raspisana nacionalna i interpolova potjernica.<\/p>\n<p>SDT je po\u010detkom mjeseca <a href=\"http:\/\/www.pcnen.com\/portal\/2019\/02\/08\/knezevic-i-durdic-osumnjiceni-da-su-ostetili-atlas-banku-za-15-miliona-eura\/\">podiglo optu\u017enicu<\/a> protiv Kne\u017eevi\u0107a i biv\u0161eg direktora njegove Atlas banke \u0110or\u0111a \u0110ur\u0111i\u0107a zbog izdavanja garancije od 12,5 miliona eura arapskoj kompaniji Kaspia property holdings.<\/p>\n","protected":false},"excerpt":{"rendered":"<p>Vlasnik Atlas grupe Du\u0161ko Kne\u017eevi\u0107 i njegovi saradnici su zakazali protest za \u010detvrtak 18. aprila ispred zgrade Specijalnog dr\u017eavnog tu\u017eila\u0161tva (SDT) u Podgorici, objavio je portal Vijesti, navode\u0107i da \u0107e ovaj protest podr\u017eati Demokratski fronta, ali ne i ostale opozicione partije i gra\u0111anski pokret \u2018Odupri se\u2019. &#8220;Veoma sam neprijatno iznena\u0111en izjavama lidera organizacije \u201c97000 odupri [&hellip;]<\/p>\n","protected":false},"author":1,"featured_media":0,"comment_status":"open","ping_status":"closed","sticky":false,"template":"","format":"standard","meta":{"_seopress_robots_primary_cat":"","_seopress_titles_title":"","_seopress_titles_desc":"","_seopress_robots_index":"","_et_pb_use_builder":"","_et_pb_old_content":"","_et_gb_content_width":"","inline_featured_image":false,"footnotes":""},"categories":[14,12],"tags":[],"class_list":["post-264380","post","type-post","status-publish","format-standard","hentry","category-vijesti","category-prica-dana"],"_links":{"self":[{"href":"https:\/\/www.pcnen.com\/portal\/wp-json\/wp\/v2\/posts\/264380","targetHints":{"allow":["GET"]}}],"collection":[{"href":"https:\/\/www.pcnen.com\/portal\/wp-json\/wp\/v2\/posts"}],"about":[{"href":"https:\/\/www.pcnen.com\/portal\/wp-json\/wp\/v2\/types\/post"}],"author":[{"embeddable":true,"href":"https:\/\/www.pcnen.com\/portal\/wp-json\/wp\/v2\/users\/1"}],"replies":[{"embeddable":true,"href":"https:\/\/www.pcnen.com\/portal\/wp-json\/wp\/v2\/comments?post=264380"}],"version-history":[{"count":0,"href":"https:\/\/www.pcnen.com\/portal\/wp-json\/wp\/v2\/posts\/264380\/revisions"}],"wp:attachment":[{"href":"https:\/\/www.pcnen.com\/portal\/wp-json\/wp\/v2\/media?parent=264380"}],"wp:term":[{"taxonomy":"category","embeddable":true,"href":"https:\/\/www.pcnen.com\/portal\/wp-json\/wp\/v2\/categories?post=264380"},{"taxonomy":"post_tag","embeddable":true,"href":"https:\/\/www.pcnen.com\/portal\/wp-json\/wp\/v2\/tags?post=264380"}],"curies":[{"name":"wp","href":"https:\/\/api.w.org\/{rel}","templated":true}]}}