{"id":264344,"date":"2019-04-12T12:07:57","date_gmt":"2019-04-12T10:07:57","guid":{"rendered":"http:\/\/www.pcnen.com\/portal\/?p=264344"},"modified":"2019-04-12T13:33:26","modified_gmt":"2019-04-12T11:33:26","slug":"provjerava-se-trosenje-novca-iz-abu-dabi-fonda","status":"publish","type":"post","link":"https:\/\/www.pcnen.com\/portal\/2019\/04\/12\/provjerava-se-trosenje-novca-iz-abu-dabi-fonda\/","title":{"rendered":"Provjerava se tro\u0161enje novca iz Abu Dabi fonda"},"content":{"rendered":"<p><img loading=\"lazy\" decoding=\"async\" src=\"http:\/\/www.pcnen.com\/portal\/wp-content\/uploads\/2014\/08\/petar-ivanovic-300x208.jpg\" alt=\"\" width=\"300\" height=\"208\" class=\"alignright size-medium wp-image-155215\" \/>Slu\u017ebenici Specijalnog policijskog odjeljenja u\u0161li su jutros u prostorije Ministarstva poljoprivrede i ruralnog razvoja, saznaje Televizija Crne Gore (TVCG).<\/p>\n<p>Oni su, po nalogu Specijalnog dr\u017eavnog tu\u017eila\u0161tva izuzeli svu dokumentaciju u vezi sa kreditom koji je tom ministarstvu dodijeljen iz Abu Dabi fonda.<\/p>\n<p>Dokumentacija je izuzeta kako bi utvrdili da li je u tom slu\u010daju bilo nezakonitih radnji, odnosno kako bi provjerili na koji na\u010din je potro\u0161en novac od tog kredita.<\/p>\n<p>Iz Specijalnog dr\u017eavnog tu\u017eila\u0161tva su kazali da su pokrenuli izvi\u0111aj te da \u0107e provjeriti sve navode iznijete u emisiji Mehanizam koja se emitovala na TVCG, kao i da \u0107e na osnovu izuzete dokumentacije i drugih informacija procijeniti da li ima osnova za saslu\u0161anja.<\/p>\n<p>Sa predstavnicima Abu Dabi fonda sporazum su potpisali tada\u0161nji ministar poljoprivrede i ruralnog razvoja Petar Ivanovi\u0107 i predsjednik Odbora direktora Investiciono-razvojnog fonda Crne Gore Zoran Vuk\u010devi\u0107.  <\/p>\n","protected":false},"excerpt":{"rendered":"<p>Slu\u017ebenici Specijalnog policijskog odjeljenja u\u0161li su jutros u prostorije Ministarstva poljoprivrede i ruralnog razvoja, saznaje Televizija Crne Gore (TVCG). Oni su, po nalogu Specijalnog dr\u017eavnog tu\u017eila\u0161tva izuzeli svu dokumentaciju u vezi sa kreditom koji je tom ministarstvu dodijeljen iz Abu Dabi fonda. Dokumentacija je izuzeta kako bi utvrdili da li je u tom slu\u010daju bilo [&hellip;]<\/p>\n","protected":false},"author":1,"featured_media":0,"comment_status":"open","ping_status":"closed","sticky":false,"template":"","format":"standard","meta":{"_seopress_robots_primary_cat":"","_seopress_titles_title":"","_seopress_titles_desc":"","_seopress_robots_index":"","_et_pb_use_builder":"","_et_pb_old_content":"","_et_gb_content_width":"","inline_featured_image":false,"footnotes":""},"categories":[14,12],"tags":[],"class_list":["post-264344","post","type-post","status-publish","format-standard","hentry","category-vijesti","category-prica-dana"],"_links":{"self":[{"href":"https:\/\/www.pcnen.com\/portal\/wp-json\/wp\/v2\/posts\/264344","targetHints":{"allow":["GET"]}}],"collection":[{"href":"https:\/\/www.pcnen.com\/portal\/wp-json\/wp\/v2\/posts"}],"about":[{"href":"https:\/\/www.pcnen.com\/portal\/wp-json\/wp\/v2\/types\/post"}],"author":[{"embeddable":true,"href":"https:\/\/www.pcnen.com\/portal\/wp-json\/wp\/v2\/users\/1"}],"replies":[{"embeddable":true,"href":"https:\/\/www.pcnen.com\/portal\/wp-json\/wp\/v2\/comments?post=264344"}],"version-history":[{"count":0,"href":"https:\/\/www.pcnen.com\/portal\/wp-json\/wp\/v2\/posts\/264344\/revisions"}],"wp:attachment":[{"href":"https:\/\/www.pcnen.com\/portal\/wp-json\/wp\/v2\/media?parent=264344"}],"wp:term":[{"taxonomy":"category","embeddable":true,"href":"https:\/\/www.pcnen.com\/portal\/wp-json\/wp\/v2\/categories?post=264344"},{"taxonomy":"post_tag","embeddable":true,"href":"https:\/\/www.pcnen.com\/portal\/wp-json\/wp\/v2\/tags?post=264344"}],"curies":[{"name":"wp","href":"https:\/\/api.w.org\/{rel}","templated":true}]}}