{"id":264289,"date":"2019-04-11T12:06:39","date_gmt":"2019-04-11T10:06:39","guid":{"rendered":"http:\/\/www.pcnen.com\/portal\/?p=264289"},"modified":"2019-04-11T12:33:32","modified_gmt":"2019-04-11T10:33:32","slug":"uhapsen-dzulijan-asanz-video","status":"publish","type":"post","link":"https:\/\/www.pcnen.com\/portal\/2019\/04\/11\/uhapsen-dzulijan-asanz-video\/","title":{"rendered":"Uhap\u0161en D\u017eulijan Asan\u017e (video)"},"content":{"rendered":"<p><img loading=\"lazy\" decoding=\"async\" src=\"http:\/\/www.pcnen.com\/portal\/wp-content\/uploads\/2012\/06\/Dzulian_Asandz.jpg\" alt=\"\" width=\"263\" height=\"192\" class=\"alignright size-full wp-image-86742\" \/>Osniva\u010da Vikiliksa (WikiLeaks) D\u017eulijana Asan\u017ea uhapsila je britanska policija, javio je BBC.<\/p>\n<p>On je uhap\u0161en nakon sedam godina provedenih u ambasadi Ekvadora koja mu je odbrila azil.<\/p>\n<p>Vijest je potvrdio britanski ministar unutra\u0161njih poslova Sad\u017eid D\u017eavid.<\/p>\n<p>\u201eMogu da potvrdim da je Asan\u017e u pritvoru i da je suo\u010den sa pravosu\u0111em Britanije\u201c,  rekao je ministar.<\/p>\n<p>Osniva\u010d Vikiliksa je preba\u010den u pritvor u centralnom dijelu Londona.<\/p>\n<p>Njemu je ukinut azil prije zakazane posjete specijalnog izaslanika UN 25. aprila.<\/p>\n<p>Asan\u017e se u ekvadorskoj ambasadi nalazi bez prestanka od avgusta 2012, nakon \u0161to su tu sklonio iz straha da \u0107e ga britanske vlasti uhapsiti i izru\u010diti SAD koje ga tra\u017ee zbog objavljivanja hiljada tajnih vojnih i diplomatskih dokumenata.<\/p>\n<p>Vikiliks je nedavno najavio da \u0107e Asan\u017e biti uhap\u0161en, navode\u0107i da \u0107e izgovor biti &#8220;INA dokumenti&#8221; koji predstavljaju zbirku dokumenata poslatih jednom ekvadorskom parlamentarcu u kojima se ekvadorski predsjednik Lenin Moreno optu\u017euje za korupciju.<\/p>\n<p>Moreno je optu\u017eio Asan\u017ea da kr\u0161i dogovor o svom azilu u ambasadi. Ekvador tako\u0111e sumnja da je Vikiliks odgovoran za djeljenje Morenovih privatnih fotografija na dru\u0161tvenim mre\u017eama.<\/p>\n<p>Asan\u017e se sklonio u ambasadu 2012. godine kako bi izbjegao hap\u0161enje i izru\u010denje u \u0160vedsku gdje je optu\u017een za silovanje. \u0160vedsko pravosu\u0111e u me\u0111uvremenu je odbacilo prijavu.<\/p>\n<p>On strahuje od izru\u010denja SAD gdje bi mogao biti optu\u017een za objavu hakovanih vladinih dokumenata oko ratova u Avganistanu i Iraku.<\/p>\n<p>Njegov odnos s ambasadom pogor\u0161ao se u poslednjih nekoliko godina, a Ekvador mu je pro\u0161le godine ukinuo internet.<\/p>\n<p><iframe loading=\"lazy\" title=\"EXCLUSIVE: Assange arrested &amp; escorted out of Ecuadorian Embassy\" width=\"1080\" height=\"608\" src=\"https:\/\/www.youtube.com\/embed\/stTMt1tLT4g?feature=oembed\" frameborder=\"0\" allow=\"accelerometer; autoplay; clipboard-write; encrypted-media; gyroscope; picture-in-picture; web-share\" allowfullscreen><\/iframe><\/p>\n","protected":false},"excerpt":{"rendered":"<p>Osniva\u010da Vikiliksa (WikiLeaks) D\u017eulijana Asan\u017ea uhapsila je britanska policija, javio je BBC. On je uhap\u0161en nakon sedam godina provedenih u ambasadi Ekvadora koja mu je odbrila azil. Vijest je potvrdio britanski ministar unutra\u0161njih poslova Sad\u017eid D\u017eavid. \u201eMogu da potvrdim da je Asan\u017e u pritvoru i da je suo\u010den sa pravosu\u0111em Britanije\u201c, rekao je ministar. Osniva\u010d [&hellip;]<\/p>\n","protected":false},"author":1,"featured_media":0,"comment_status":"open","ping_status":"closed","sticky":false,"template":"","format":"standard","meta":{"_seopress_robots_primary_cat":"","_seopress_titles_title":"","_seopress_titles_desc":"","_seopress_robots_index":"","_et_pb_use_builder":"","_et_pb_old_content":"","_et_gb_content_width":"","inline_featured_image":false,"footnotes":""},"categories":[14,12],"tags":[],"class_list":["post-264289","post","type-post","status-publish","format-standard","hentry","category-vijesti","category-prica-dana"],"_links":{"self":[{"href":"https:\/\/www.pcnen.com\/portal\/wp-json\/wp\/v2\/posts\/264289","targetHints":{"allow":["GET"]}}],"collection":[{"href":"https:\/\/www.pcnen.com\/portal\/wp-json\/wp\/v2\/posts"}],"about":[{"href":"https:\/\/www.pcnen.com\/portal\/wp-json\/wp\/v2\/types\/post"}],"author":[{"embeddable":true,"href":"https:\/\/www.pcnen.com\/portal\/wp-json\/wp\/v2\/users\/1"}],"replies":[{"embeddable":true,"href":"https:\/\/www.pcnen.com\/portal\/wp-json\/wp\/v2\/comments?post=264289"}],"version-history":[{"count":0,"href":"https:\/\/www.pcnen.com\/portal\/wp-json\/wp\/v2\/posts\/264289\/revisions"}],"wp:attachment":[{"href":"https:\/\/www.pcnen.com\/portal\/wp-json\/wp\/v2\/media?parent=264289"}],"wp:term":[{"taxonomy":"category","embeddable":true,"href":"https:\/\/www.pcnen.com\/portal\/wp-json\/wp\/v2\/categories?post=264289"},{"taxonomy":"post_tag","embeddable":true,"href":"https:\/\/www.pcnen.com\/portal\/wp-json\/wp\/v2\/tags?post=264289"}],"curies":[{"name":"wp","href":"https:\/\/api.w.org\/{rel}","templated":true}]}}