{"id":264266,"date":"2019-04-11T07:55:41","date_gmt":"2019-04-11T05:55:41","guid":{"rendered":"http:\/\/www.pcnen.com\/portal\/?p=264266"},"modified":"2019-04-11T07:55:41","modified_gmt":"2019-04-11T05:55:41","slug":"kako-afd-izvrce-brojeve-u-korist-svoje-ideologije","status":"publish","type":"post","link":"https:\/\/www.pcnen.com\/portal\/2019\/04\/11\/kako-afd-izvrce-brojeve-u-korist-svoje-ideologije\/","title":{"rendered":"Kako AfD izvr\u0107e brojeve u korist svoje ideologije"},"content":{"rendered":"<p><strong><img loading=\"lazy\" decoding=\"async\" class=\"alignright size-medium wp-image-252574\" src=\"http:\/\/www.pcnen.com\/portal\/wp-content\/uploads\/2018\/09\/desnicari-njemacka-300x188.jpg\" alt=\"\" width=\"300\" height=\"188\" \/>Autor: Daniel Kirch<\/strong><\/p>\n<p>Statistika o krivi\u010dnim djelima s no\u017eevima u Saarlandu, koju je policija objavila u rujnu 2018., \u010dak pola godine poslije ne da mira AfD-u. Kroz ovu zahtjevnu posebnu analizu isplivalo je da je u razdoblju pod istragom od sije\u010dnja 2016. do travnja 2018. daleko najvi\u0161e kaznenih djela u kojima je no\u017e bio u igri po\u010dinjen od strane njema\u010dkih dr\u017eavljana &#8211; iako su Sirijci i Afganistanci relativno veoma zastupljeni. Obuhva\u0107eno je 1490 kaznenih prijava i prekr\u0161aja. Pritom je po\u010dinitelj 842 puta bio Nijemac, 122 Sirijac, 94 puta stranac iz EU i 36 puta Afganistanac. 289 puta po\u010dinitelj nije mogao biti utvr\u0111en.<\/p>\n<p><strong>Stranka ne odustaje<\/strong><\/p>\n<p>Zastupni\u010dka skupina AfD-a u pokrajinskom parlamentu nije se zadovoljila tim brojevima. Sasvim je o\u010dito vjerovala da me\u0111u tih 842 Nijemca moraju biti i brojni migranti koji su u me\u0111uvremenu dobili njema\u010dko dr\u017eavljanstvo i zbog toga se u statistici pojavljuju kao Nijemci. Tako je AfD-ov poslanik Rudolf M\u00fcller u velja\u010di 2019. pismeno pitao pokrajinsku vladu: \u201eIma li u prikazanim podacima kod 842 kao po\u010dinitelja navedena njema\u010dka dr\u017eavljanina u\u010destalosti nekih imena?\u201c<\/p>\n<p><strong>U top 10 nema arapskih imena<\/strong><\/p>\n<p>Policija je istra\u017eila svoju bazu padataka i odgovor na pitanje je glasio: Da, ima u\u010destale pojave nekih imena. Me\u0111utim, to su druk\u010dija imena nego \u0161to je AfD vjerojatno o\u010dekivao: Michael (24 slu\u010daja), Daniel (22 slu\u010daja), Andreas (20 slu\u010dajeva), Sascha (15 slu\u010dajeva), Thomas (14 slu\u010dajeva), Christian (13 slu\u010dajeva), Kevin (13 slu\u010dajeva), Manuel (13 slu\u010dajeva), Patrick (13 slu\u010dajeva), David (12 slu\u010dajeva), Jens (12 slu\u010dajeva), Justin (11 slu\u010dajeva) i Sven (11 slu\u010dajeva).<\/p>\n<p><strong>Bez dvojnog dr\u017eavljanstva<\/strong><\/p>\n<p>Tako\u0111er odgovor na jedno drugo pitanje nije potvrdio AfD-ova o\u010dekivanja. Oni su naime \u017eeljeli saznati, koliko njih od 842 njema\u010dka po\u010dinitelja ima jo\u0161 jedno drugo dr\u017eavljanstvo (dakle koliko ih ima migracijsku pozadinu). I ovdje je rezultat nimalo spektakularan: cijelih 14 od 842 Nijemca ima i jednu drugu putovnicu.<\/p>\n<p><strong>Nepoznati po\u010dinitelji pripisani doseljenicima<\/strong><\/p>\n<p>Da je statistika o deliktima s no\u017eevima posebna briga za AfD, moglo se osjetiti ve\u0107 u debati u saveznom parlamentu u velja\u010di 2019. Tada je AfD-ov poslanik Rudolf M\u00fcller incidente s no\u017eevima doveo u izravnu vezu s nedostatcima u odre\u0111ivanju identiteta migranata &#8211; ali je pogrije\u0161io. AfD je obrazlagao svoj zahtjev da se identitet migranata u Saarlandu u potpunosti ustanovi i to u smislu navedene statistike, te su ustvrdili: \u201eOd identificiranih po\u010dinitelja, 289 su bili nepoznatog dr\u017eavljanstva.\u201c<\/p>\n<p><strong>Po\u010dinitelj nepoznat<\/strong><\/p>\n<p>\u201eOva u doslovnom zna\u010denju bezgrani\u010dna liberalnost i zano\u0161enje iluzijama imaju prikrivene i sve krvavije posljedice, tako\u0111er i u na\u0161em Saarlandu\u201c, rekao je AfD-ov poslanik M\u00fcller. Ali njegovi su brojevi bili grubo pogre\u0161ni. 289 po\u010dinitelja koje je on naveo, a kod kojih nacionalnost navodno nije razja\u0161njena, nije uop\u0107e bilo mogu\u0107e utvditi. Kod ovih prekr\u0161aja se dakle ne zna tko je po\u010dinitelj, a po\u0161to se ne zna tko je po\u010dinitelj, ne zna se ni\u0161ta ni o njegovoj nacionalnosti.<\/p>\n<p><strong>\u017destoke reakcije<\/strong><\/p>\n<p>Shodno tomu su u tada\u0161njoj parlamentarnoj raspravi \u017eestoko reagirale druge grupacije. Poslanica CDU-a Ruth Meyer predbacila je M\u00fclleru \u201epoluistine i fantazije\u201c te \u201eprovidni hokus-pokus\u201c. M\u00fcllerov zahtjev je \u201ejo\u0161 jedna potvrda kako oni \u017eelite prevariti ljude\u201c. SPD-ova zastupnica Christina Baltes rekla je tada kako AfD \u017eeli navesti gra\u0111ane da vjeruju da je u 20% slu\u010dajeva nacionalnost nepoznata, \u0161to sugerira da je po\u010dinitelj stranac. AfD izvr\u0107e \u201ebrojeve u korist svoje ideologije\u201c.<\/p>\n<p><a href=\"http:\/\/www.prometej.ba\/clanak\/prijevodi\/desni-populizam-kako-afd-izvrce-brojeve-u-korist-svoje-ideologije-3844\">Prometej.ba<\/a>\/<a href=\"https:\/\/www.saarbruecker-zeitung.de\/\">Saarbruecker-zeitung.de<\/a><\/p>\n","protected":false},"excerpt":{"rendered":"<p>Statistika o krivi\u010dnim djelima s no\u017eevima u Saarlandu \u010dak pola godine poslije ne da mira njema;kim desni\u010darima<\/p>\n","protected":false},"author":1,"featured_media":0,"comment_status":"open","ping_status":"closed","sticky":false,"template":"","format":"standard","meta":{"_seopress_robots_primary_cat":"","_seopress_titles_title":"","_seopress_titles_desc":"","_seopress_robots_index":"","_et_pb_use_builder":"","_et_pb_old_content":"","_et_gb_content_width":"","inline_featured_image":false,"footnotes":""},"categories":[5],"tags":[],"class_list":["post-264266","post","type-post","status-publish","format-standard","hentry","category-drugi-pisu"],"_links":{"self":[{"href":"https:\/\/www.pcnen.com\/portal\/wp-json\/wp\/v2\/posts\/264266","targetHints":{"allow":["GET"]}}],"collection":[{"href":"https:\/\/www.pcnen.com\/portal\/wp-json\/wp\/v2\/posts"}],"about":[{"href":"https:\/\/www.pcnen.com\/portal\/wp-json\/wp\/v2\/types\/post"}],"author":[{"embeddable":true,"href":"https:\/\/www.pcnen.com\/portal\/wp-json\/wp\/v2\/users\/1"}],"replies":[{"embeddable":true,"href":"https:\/\/www.pcnen.com\/portal\/wp-json\/wp\/v2\/comments?post=264266"}],"version-history":[{"count":0,"href":"https:\/\/www.pcnen.com\/portal\/wp-json\/wp\/v2\/posts\/264266\/revisions"}],"wp:attachment":[{"href":"https:\/\/www.pcnen.com\/portal\/wp-json\/wp\/v2\/media?parent=264266"}],"wp:term":[{"taxonomy":"category","embeddable":true,"href":"https:\/\/www.pcnen.com\/portal\/wp-json\/wp\/v2\/categories?post=264266"},{"taxonomy":"post_tag","embeddable":true,"href":"https:\/\/www.pcnen.com\/portal\/wp-json\/wp\/v2\/tags?post=264266"}],"curies":[{"name":"wp","href":"https:\/\/api.w.org\/{rel}","templated":true}]}}