{"id":264260,"date":"2019-04-10T21:18:28","date_gmt":"2019-04-10T19:18:28","guid":{"rendered":"http:\/\/www.pcnen.com\/portal\/?p=264260"},"modified":"2019-04-10T22:48:48","modified_gmt":"2019-04-10T20:48:48","slug":"kisa-i-u-cetvrtak","status":"publish","type":"post","link":"https:\/\/www.pcnen.com\/portal\/2019\/04\/10\/kisa-i-u-cetvrtak\/","title":{"rendered":"Ki\u0161a i u \u010detvrtak"},"content":{"rendered":"<p><img loading=\"lazy\" decoding=\"async\" class=\"alignright size-medium wp-image-197148\" src=\"http:\/\/www.pcnen.com\/portal\/wp-content\/uploads\/2016\/01\/kisa1-300x205.jpg\" alt=\"\" width=\"300\" height=\"205\" \/>U Crnoj Gori \u0107e u \u010detvrtak biti promjenljivo do potpuno obla\u010dno, povremeno \u0107e padati ki\u0161a.<\/p>\n<p>Na krajnjem sjeveru i sjeveroistoku bi\u0107e du\u017ei periodi suvog vremena.<\/p>\n<p>Vjetar \u0107e biti slab do umjeren na sjeveru ponegdje i poja\u010dan, ju\u017eni.<br \/>\nJutarnja temperatura vazduha bi\u0107e od 1 do 12, najvi\u0161a dnevna 7 do 19 stepeni.<br \/>\nU Podgorica \u0107e biti promjenljivo i nestabilno. Povremeno \u0107e biti ki\u0161a, a mogu\u0107i su pljuskovi sa grmljavinom.<br \/>\nDuva\u0107e slab do umjeren ju\u017eni i jugoisto\u010dni vjetar.<\/p>\n<p>Jutarnja temperatura vazduha bi\u0107e do 11, najvi\u0161a dnevna oko 17 stepeni.<\/p>\n<p><a href=\"http:\/\/www.meteo.co.me\/misc.php?text=121&amp;sektor=1&amp;grad=BIJ\">Prognoza za ostale gradove.<\/a><\/p>\n","protected":false},"excerpt":{"rendered":"<p>U Crnoj Gori \u0107e u \u010detvrtak biti promjenljivo do potpuno obla\u010dno, povremeno \u0107e padati ki\u0161a. Na krajnjem sjeveru i sjeveroistoku bi\u0107e du\u017ei periodi suvog vremena. Vjetar \u0107e biti slab do umjeren na sjeveru ponegdje i poja\u010dan, ju\u017eni. Jutarnja temperatura vazduha bi\u0107e od 1 do 12, najvi\u0161a dnevna 7 do 19 stepeni. U Podgorica \u0107e biti [&hellip;]<\/p>\n","protected":false},"author":1,"featured_media":0,"comment_status":"open","ping_status":"closed","sticky":false,"template":"","format":"standard","meta":{"_seopress_robots_primary_cat":"","_seopress_titles_title":"","_seopress_titles_desc":"","_seopress_robots_index":"","_et_pb_use_builder":"","_et_pb_old_content":"","_et_gb_content_width":"","inline_featured_image":false,"footnotes":""},"categories":[14,12],"tags":[],"class_list":["post-264260","post","type-post","status-publish","format-standard","hentry","category-vijesti","category-prica-dana"],"_links":{"self":[{"href":"https:\/\/www.pcnen.com\/portal\/wp-json\/wp\/v2\/posts\/264260","targetHints":{"allow":["GET"]}}],"collection":[{"href":"https:\/\/www.pcnen.com\/portal\/wp-json\/wp\/v2\/posts"}],"about":[{"href":"https:\/\/www.pcnen.com\/portal\/wp-json\/wp\/v2\/types\/post"}],"author":[{"embeddable":true,"href":"https:\/\/www.pcnen.com\/portal\/wp-json\/wp\/v2\/users\/1"}],"replies":[{"embeddable":true,"href":"https:\/\/www.pcnen.com\/portal\/wp-json\/wp\/v2\/comments?post=264260"}],"version-history":[{"count":0,"href":"https:\/\/www.pcnen.com\/portal\/wp-json\/wp\/v2\/posts\/264260\/revisions"}],"wp:attachment":[{"href":"https:\/\/www.pcnen.com\/portal\/wp-json\/wp\/v2\/media?parent=264260"}],"wp:term":[{"taxonomy":"category","embeddable":true,"href":"https:\/\/www.pcnen.com\/portal\/wp-json\/wp\/v2\/categories?post=264260"},{"taxonomy":"post_tag","embeddable":true,"href":"https:\/\/www.pcnen.com\/portal\/wp-json\/wp\/v2\/tags?post=264260"}],"curies":[{"name":"wp","href":"https:\/\/api.w.org\/{rel}","templated":true}]}}