{"id":264243,"date":"2019-04-10T15:46:52","date_gmt":"2019-04-10T13:46:52","guid":{"rendered":"http:\/\/www.pcnen.com\/portal\/?p=264243"},"modified":"2019-04-10T16:17:53","modified_gmt":"2019-04-10T14:17:53","slug":"napadnuti-aktivisti-pokreta-odupri-se","status":"publish","type":"post","link":"https:\/\/www.pcnen.com\/portal\/2019\/04\/10\/napadnuti-aktivisti-pokreta-odupri-se\/","title":{"rendered":"Napadnuti aktivisti pokreta &#8216;Odupri se&#8217;"},"content":{"rendered":"<p><img loading=\"lazy\" decoding=\"async\" class=\"alignright size-medium wp-image-264244\" src=\"http:\/\/www.pcnen.com\/portal\/wp-content\/uploads\/2019\/04\/odupri-se-incident-300x193.jpg\" alt=\"\" width=\"300\" height=\"193\" srcset=\"https:\/\/www.pcnen.com\/portal\/wp-content\/uploads\/2019\/04\/odupri-se-incident.jpg 300w, https:\/\/www.pcnen.com\/portal\/wp-content\/uploads\/2019\/04\/odupri-se-incident-285x184.jpg 285w, https:\/\/www.pcnen.com\/portal\/wp-content\/uploads\/2019\/04\/odupri-se-incident-235x151.jpg 235w, https:\/\/www.pcnen.com\/portal\/wp-content\/uploads\/2019\/04\/odupri-se-incident-75x48.jpg 75w, https:\/\/www.pcnen.com\/portal\/wp-content\/uploads\/2019\/04\/odupri-se-incident-220x142.jpg 220w\" sizes=\"(max-width: 300px) 100vw, 300px\" \/>Aktivisti i aktivistkinje gra\u0111anskog pokreta &#8216;Odupri se&#8217; su danas <a href=\"https:\/\/www.facebook.com\/oduprisecg\/videos\/2190132271066036\/\">izveli akciju<\/a> okupiranja institucija, prave\u0107i \u017eivi zid i vezuju\u0107i se lancima ispred ulaza u zgradu Crnogorskog elktrodistributivnog sistema u Podgorici.<\/p>\n<p>Tokom akcije desio se incident, kada je grupa mu\u0161karaca, koja je u\u0161la na sporedni ulaz, na glavni iza\u0161la udaraju\u0107i aktiviste i aktivistkinje koje su bile najbli\u017ee izlazu, povrijediv\u0161i dvije od njih. One su prevezene u Klini\u010dki centar.<\/p>\n<p><iframe loading=\"lazy\" title=\"MINA Video: Blokada CEDISA 10 04 2019\" width=\"1080\" height=\"608\" src=\"https:\/\/www.youtube.com\/embed\/ZtkoBwM1kqA?feature=oembed\" frameborder=\"0\" allow=\"accelerometer; autoplay; clipboard-write; encrypted-media; gyroscope; picture-in-picture; web-share\" allowfullscreen><\/iframe><\/p>\n<p>Kako je za PCNEN rekao Damir Hod\u017ei\u0107, jedan od aktivista koji je u\u010destovao u akciji, oni nijesu uzvratili nasiljem, a uskoro je do\u0161la i interventna policija.<\/p>\n<p>Akvistima su se po\u010deli pridru\u017eivati gra\u0111ani.<\/p>\n<p>&nbsp;<\/p>\n","protected":false},"excerpt":{"rendered":"<p>Aktivisti i aktivistkinje gra\u0111anskog pokreta &#8216;Odupri se&#8217; su danas izveli akciju okupiranja institucija, prave\u0107i \u017eivi zid i vezuju\u0107i se lancima ispred ulaza u zgradu Crnogorskog elktrodistributivnog sistema u Podgorici. Tokom akcije desio se incident, kada je grupa mu\u0161karaca, koja je u\u0161la na sporedni ulaz, na glavni iza\u0161la udaraju\u0107i aktiviste i aktivistkinje koje su bile najbli\u017ee [&hellip;]<\/p>\n","protected":false},"author":1,"featured_media":264244,"comment_status":"open","ping_status":"closed","sticky":false,"template":"","format":"standard","meta":{"_seopress_robots_primary_cat":"","_seopress_titles_title":"","_seopress_titles_desc":"","_seopress_robots_index":"","_et_pb_use_builder":"","_et_pb_old_content":"","_et_gb_content_width":"","inline_featured_image":false,"footnotes":""},"categories":[14,12],"tags":[],"class_list":["post-264243","post","type-post","status-publish","format-standard","has-post-thumbnail","hentry","category-vijesti","category-prica-dana"],"_links":{"self":[{"href":"https:\/\/www.pcnen.com\/portal\/wp-json\/wp\/v2\/posts\/264243","targetHints":{"allow":["GET"]}}],"collection":[{"href":"https:\/\/www.pcnen.com\/portal\/wp-json\/wp\/v2\/posts"}],"about":[{"href":"https:\/\/www.pcnen.com\/portal\/wp-json\/wp\/v2\/types\/post"}],"author":[{"embeddable":true,"href":"https:\/\/www.pcnen.com\/portal\/wp-json\/wp\/v2\/users\/1"}],"replies":[{"embeddable":true,"href":"https:\/\/www.pcnen.com\/portal\/wp-json\/wp\/v2\/comments?post=264243"}],"version-history":[{"count":0,"href":"https:\/\/www.pcnen.com\/portal\/wp-json\/wp\/v2\/posts\/264243\/revisions"}],"wp:featuredmedia":[{"embeddable":true,"href":"https:\/\/www.pcnen.com\/portal\/wp-json\/wp\/v2\/media\/264244"}],"wp:attachment":[{"href":"https:\/\/www.pcnen.com\/portal\/wp-json\/wp\/v2\/media?parent=264243"}],"wp:term":[{"taxonomy":"category","embeddable":true,"href":"https:\/\/www.pcnen.com\/portal\/wp-json\/wp\/v2\/categories?post=264243"},{"taxonomy":"post_tag","embeddable":true,"href":"https:\/\/www.pcnen.com\/portal\/wp-json\/wp\/v2\/tags?post=264243"}],"curies":[{"name":"wp","href":"https:\/\/api.w.org\/{rel}","templated":true}]}}