{"id":264233,"date":"2019-04-10T11:47:25","date_gmt":"2019-04-10T09:47:25","guid":{"rendered":"http:\/\/www.pcnen.com\/portal\/?p=264233"},"modified":"2019-04-10T11:47:25","modified_gmt":"2019-04-10T09:47:25","slug":"nece-biti-gradnje-od-rampe-do-crnog-jezera","status":"publish","type":"post","link":"https:\/\/www.pcnen.com\/portal\/2019\/04\/10\/nece-biti-gradnje-od-rampe-do-crnog-jezera\/","title":{"rendered":"Ne\u0107e biti gradnje od rampe do Crnog jezera"},"content":{"rendered":"<p><img loading=\"lazy\" decoding=\"async\" src=\"http:\/\/www.pcnen.com\/portal\/wp-content\/uploads\/2014\/07\/Crno_jezero-300x225.jpg\" alt=\"\" width=\"300\" height=\"225\" class=\"alignright size-medium wp-image-151760\" \/>Predstavnici Udru\u017eenja turisti\u010dkih radnika \u017dabljaka i Gra\u0111anske inicijative \u201eDalje ne\u0107e\u0161 mo\u0107i\u201c, danas su, sa predsjednikom Op\u0161tine Veselinom Vuki\u0107evi\u0107em, postigli dogovor da gradnje od rampe do Crnog jezera ne bude.<\/p>\n<p>&#8220;Imaju\u0107i u vidu stav Udru\u017eenja turisti\u010dkih radnika \u017dabljaka, gra\u0111anske inicijative i jednoglasnog stava odbornika SO \u017dabljak, te izjave ministra Pavla Radulovi\u0107a da \u0107e, po dobijanju zaklju\u010dka SO \u017dabljak, povu\u0107i Plan postavljanja privremenih objekata u NP &#8216;Durmitor&#8217;, predsjednik Vuki\u0107evi\u0107 je prihvatio da se obustave investicije od rampe prema jezeru&#8221;, saop\u0161teno je iz Udru\u017eenja, \u0161to je Vijestima potvrdio i predsjednik op\u0161tine Veselin Vuki\u0107evi\u0107, i dodao da su izjave pojedinim medijima o gradnji do jezera date ranije.<\/p>\n<p>Dogovoreno je i da se tokom nedjelje organizuje prezentacija projektih rje\u0161enja izgradnje infrastrukture od mosta ispod nekada\u0161njeg hotela \u201eDurmitor\u201c do rampe (parking, kru\u017eni tok saobra\u0107aja i kanalizacioni cjevovod) \u0161to je zna\u010dajno za gra\u0111ane, turiste i turisti\u010dku privredu.<\/p>\n<p>Naredni dogovoreni potez je sastanak sa direktorom Uprave za javne radove Re\u0161adom Nuhod\u017ei\u0107em gdje \u0107e mu se prezentirati zaklju\u010dci i na\u0107i najbolja rje\u0161enja za budu\u0107i tender.<\/p>\n","protected":false},"excerpt":{"rendered":"<p>Predstavnici Udru\u017eenja turisti\u010dkih radnika \u017dabljaka i Gra\u0111anske inicijative \u201eDalje ne\u0107e\u0161 mo\u0107i\u201c, danas su, sa predsjednikom Op\u0161tine Veselinom Vuki\u0107evi\u0107em, postigli dogovor da gradnje od rampe do Crnog jezera ne bude. &#8220;Imaju\u0107i u vidu stav Udru\u017eenja turisti\u010dkih radnika \u017dabljaka, gra\u0111anske inicijative i jednoglasnog stava odbornika SO \u017dabljak, te izjave ministra Pavla Radulovi\u0107a da \u0107e, po dobijanju zaklju\u010dka [&hellip;]<\/p>\n","protected":false},"author":1,"featured_media":0,"comment_status":"open","ping_status":"closed","sticky":false,"template":"","format":"standard","meta":{"_seopress_robots_primary_cat":"","_seopress_titles_title":"","_seopress_titles_desc":"","_seopress_robots_index":"","_et_pb_use_builder":"","_et_pb_old_content":"","_et_gb_content_width":"","inline_featured_image":false,"footnotes":""},"categories":[14,12],"tags":[],"class_list":["post-264233","post","type-post","status-publish","format-standard","hentry","category-vijesti","category-prica-dana"],"_links":{"self":[{"href":"https:\/\/www.pcnen.com\/portal\/wp-json\/wp\/v2\/posts\/264233","targetHints":{"allow":["GET"]}}],"collection":[{"href":"https:\/\/www.pcnen.com\/portal\/wp-json\/wp\/v2\/posts"}],"about":[{"href":"https:\/\/www.pcnen.com\/portal\/wp-json\/wp\/v2\/types\/post"}],"author":[{"embeddable":true,"href":"https:\/\/www.pcnen.com\/portal\/wp-json\/wp\/v2\/users\/1"}],"replies":[{"embeddable":true,"href":"https:\/\/www.pcnen.com\/portal\/wp-json\/wp\/v2\/comments?post=264233"}],"version-history":[{"count":0,"href":"https:\/\/www.pcnen.com\/portal\/wp-json\/wp\/v2\/posts\/264233\/revisions"}],"wp:attachment":[{"href":"https:\/\/www.pcnen.com\/portal\/wp-json\/wp\/v2\/media?parent=264233"}],"wp:term":[{"taxonomy":"category","embeddable":true,"href":"https:\/\/www.pcnen.com\/portal\/wp-json\/wp\/v2\/categories?post=264233"},{"taxonomy":"post_tag","embeddable":true,"href":"https:\/\/www.pcnen.com\/portal\/wp-json\/wp\/v2\/tags?post=264233"}],"curies":[{"name":"wp","href":"https:\/\/api.w.org\/{rel}","templated":true}]}}