{"id":264229,"date":"2019-04-10T10:22:42","date_gmt":"2019-04-10T08:22:42","guid":{"rendered":"http:\/\/www.pcnen.com\/portal\/?p=264229"},"modified":"2019-04-10T15:02:23","modified_gmt":"2019-04-10T13:02:23","slug":"na-arktiku-moze-da-eksplodira-metanska-bomba","status":"publish","type":"post","link":"https:\/\/www.pcnen.com\/portal\/2019\/04\/10\/na-arktiku-moze-da-eksplodira-metanska-bomba\/","title":{"rendered":"Na Arktiku mo\u017ee da eksplodira &#8216;metanska bomba&#8217;"},"content":{"rendered":"<p><img loading=\"lazy\" decoding=\"async\" src=\"http:\/\/www.pcnen.com\/portal\/wp-content\/uploads\/2012\/07\/arktik-300x225.jpg\" alt=\"\" width=\"300\" height=\"225\" class=\"alignright size-medium wp-image-89749\" \/>Globalno zagrijavanje je dovelo do topljenja permafrosta na Arktiku, usled \u010dega se u atmosferu emituje sve vi\u0161e metana, \u0161to bi moglo da dovede do katastrofalnih posledica po cijelu planetu, izjavio je predsjednik Ruske akademije nauka Aleksandar Sergejev.<\/p>\n<p>U govoru na forumu \u201eArktik \u2014 teritorija dijaloga\u201c Sergejev je istakao da pomenuti rizici zahtijevaju ozbiljnu pa\u017enju nau\u010dnika.<\/p>\n<p>Tako\u0111e je napomenuo da je moguc\u0301e da Arktik postaje nezavisan \u201eigra\u010d\u201c u \u201ekuhinji\u201c svjetske vremenske prognoze, <a href=\"https:\/\/rs-lat.sputniknews.com\/rusija\/201904091119405377-arktik-metan-eksplozija-\/\">prenosi sputniknews.com.<\/a><\/p>\n<p>\u201ePitanje je da li je Arktik po\u010deo samostalno da \u201ekuva\/priprema\u201c vremensku prognozu za \u010ditav svijet? Tvrdimo da je neophodno kontrolisati emisije gasova staklene ba\u0161te. Me\u0111utim, prema poslednjim podacima, sve je uo\u010dljiviji faktor osloba\u0111anja metana, \u0161to, uop\u0161teno govorec\u0301i, nije direktno povezano sa industrijskom djelatno\u0161c\u0301u\u201c, izjavio je predsjednik RAN.<\/p>\n<p>Prema njegovim rije\u010dima, globalno zagrijavanje dovodi do erozije obale, kao i do topljenja permafrosta, \u0161to dovodi do osloba\u0111anja metana u atmosferu.<\/p>\n<p>\u201eSna\u017ene emisije metana povec\u0301avaju efekat staklene ba\u0161te. Veoma je zna\u010dajno pitanje \u2014 kako c\u0301e emisija metana uticati na klimu? Da li smo pokrenuli procese koji su u potpunosti odre\u0111eni prirodom, nemaju dodira sa industrijom, a mogu dovesti do veoma zna\u010dajnih, a mo\u017eda i katastrofalnih posledica\u201c, istakao je Sergejev.<\/p>\n<p>On je tako\u0111e dodao da c\u0301e osloba\u0111anje metana biti neujedna\u010deno, a emisije ponekad mogu biti veoma sna\u017ene i to na mjestima gdje je vec\u0301ina klatratnih (gasnih) hidrata. Takve emisije bi osjetio \u010ditav svijet.<\/p>\n<p>Prema njegovim rije\u010dima, \u201eovo je zna\u010dajan nau\u010dni trenutak\u201c i potrebno je provesti zna\u010dajna nau\u010dna istra\u017eivanja.<\/p>\n<p>\u201eMoramo posvetiti vi\u0161e pa\u017enje i ulo\u017eiti vi\u0161e sredstava kako bismo istra\u017eili situaciju\u201c, zaklju\u010dio je akademik.<\/p>\n<p>Me\u0111unarodni arkti\u010dki forum \u201eArktik \u2014 teritorija dijaloga\u201c jedna je od klju\u010dnih platformi za raspravljanje o problemima i perspektivama Arkti\u010dkog regiona na globalnom nivou.<\/p>\n","protected":false},"excerpt":{"rendered":"<p>Globalno zagrijavanje je dovelo do topljenja permafrosta na Arktiku, usled \u010dega se u atmosferu emituje sve vi\u0161e metana, \u0161to bi moglo da dovede do katastrofalnih posledica po cijelu planetu, izjavio je predsjednik Ruske akademije nauka Aleksandar Sergejev. U govoru na forumu \u201eArktik \u2014 teritorija dijaloga\u201c Sergejev je istakao da pomenuti rizici zahtijevaju ozbiljnu pa\u017enju nau\u010dnika. [&hellip;]<\/p>\n","protected":false},"author":1,"featured_media":0,"comment_status":"open","ping_status":"closed","sticky":false,"template":"","format":"standard","meta":{"_seopress_robots_primary_cat":"","_seopress_titles_title":"","_seopress_titles_desc":"","_seopress_robots_index":"","_et_pb_use_builder":"","_et_pb_old_content":"","_et_gb_content_width":"","inline_featured_image":false,"footnotes":""},"categories":[14,12],"tags":[],"class_list":["post-264229","post","type-post","status-publish","format-standard","hentry","category-vijesti","category-prica-dana"],"_links":{"self":[{"href":"https:\/\/www.pcnen.com\/portal\/wp-json\/wp\/v2\/posts\/264229","targetHints":{"allow":["GET"]}}],"collection":[{"href":"https:\/\/www.pcnen.com\/portal\/wp-json\/wp\/v2\/posts"}],"about":[{"href":"https:\/\/www.pcnen.com\/portal\/wp-json\/wp\/v2\/types\/post"}],"author":[{"embeddable":true,"href":"https:\/\/www.pcnen.com\/portal\/wp-json\/wp\/v2\/users\/1"}],"replies":[{"embeddable":true,"href":"https:\/\/www.pcnen.com\/portal\/wp-json\/wp\/v2\/comments?post=264229"}],"version-history":[{"count":0,"href":"https:\/\/www.pcnen.com\/portal\/wp-json\/wp\/v2\/posts\/264229\/revisions"}],"wp:attachment":[{"href":"https:\/\/www.pcnen.com\/portal\/wp-json\/wp\/v2\/media?parent=264229"}],"wp:term":[{"taxonomy":"category","embeddable":true,"href":"https:\/\/www.pcnen.com\/portal\/wp-json\/wp\/v2\/categories?post=264229"},{"taxonomy":"post_tag","embeddable":true,"href":"https:\/\/www.pcnen.com\/portal\/wp-json\/wp\/v2\/tags?post=264229"}],"curies":[{"name":"wp","href":"https:\/\/api.w.org\/{rel}","templated":true}]}}