{"id":264209,"date":"2019-04-09T22:12:22","date_gmt":"2019-04-09T20:12:22","guid":{"rendered":"http:\/\/www.pcnen.com\/portal\/?p=264209"},"modified":"2019-04-09T22:12:22","modified_gmt":"2019-04-09T20:12:22","slug":"kisa-povremeno-21","status":"publish","type":"post","link":"https:\/\/www.pcnen.com\/portal\/2019\/04\/09\/kisa-povremeno-21\/","title":{"rendered":"Ki\u0161a povremeno"},"content":{"rendered":"<p><img loading=\"lazy\" decoding=\"async\" class=\"alignright size-medium wp-image-221543\" src=\"http:\/\/www.pcnen.com\/portal\/wp-content\/uploads\/2017\/02\/kisa-300x242.jpg\" alt=\"\" width=\"300\" height=\"242\" \/>U srijedu \u0107e biti umjereno do potpuno obla\u010dno, sa ki\u0161om povremeno ili pljuskom sa grmljavinom. Vi\u0161e padavina bi\u0107e u ju\u017enim i centralnim krajevima Crne Gore, naro\u010dito krajem dana i tokom no\u0107i.<\/p>\n<p>Vjetar s juga bi\u0107e slab do umjeren.<\/p>\n<p>Jutarnja temperatura vazduha bi\u0107e u rasponu od 3 do 11, a najvi\u0161a dnevna od 8 do 20 stepeni.<\/p>\n<p>U Podgorici \u0107e biti umjereno do potpuno obla\u010dno. Ki\u0161e \u0107e biti povremeno, a u drugom dijelu dana i tokom no\u0107i i pljuskova sa grmljavinom. Vjetar \u0107e biti uglavnom slab i promjenljiv. Jutarnja temperatura vazduha bi\u0107e oko 10, a najvi\u0161a dnevna 18 stepeni.<\/p>\n<p><a href=\"http:\/\/www.meteo.co.me\/misc.php?text=121&amp;sektor=1&amp;grad=BIJ\">Prognoza za ostale gradove.<\/a><\/p>\n","protected":false},"excerpt":{"rendered":"<p>Jutarnja temperatura vazduha bi\u0107e u rasponu od 3 do 11, a najvi\u0161a dnevna od 8 do 20 stepeni<\/p>\n","protected":false},"author":1,"featured_media":0,"comment_status":"open","ping_status":"closed","sticky":false,"template":"","format":"standard","meta":{"_seopress_robots_primary_cat":"","_seopress_titles_title":"","_seopress_titles_desc":"","_seopress_robots_index":"","_et_pb_use_builder":"","_et_pb_old_content":"","_et_gb_content_width":"","inline_featured_image":false,"footnotes":""},"categories":[14,12],"tags":[],"class_list":["post-264209","post","type-post","status-publish","format-standard","hentry","category-vijesti","category-prica-dana"],"_links":{"self":[{"href":"https:\/\/www.pcnen.com\/portal\/wp-json\/wp\/v2\/posts\/264209","targetHints":{"allow":["GET"]}}],"collection":[{"href":"https:\/\/www.pcnen.com\/portal\/wp-json\/wp\/v2\/posts"}],"about":[{"href":"https:\/\/www.pcnen.com\/portal\/wp-json\/wp\/v2\/types\/post"}],"author":[{"embeddable":true,"href":"https:\/\/www.pcnen.com\/portal\/wp-json\/wp\/v2\/users\/1"}],"replies":[{"embeddable":true,"href":"https:\/\/www.pcnen.com\/portal\/wp-json\/wp\/v2\/comments?post=264209"}],"version-history":[{"count":0,"href":"https:\/\/www.pcnen.com\/portal\/wp-json\/wp\/v2\/posts\/264209\/revisions"}],"wp:attachment":[{"href":"https:\/\/www.pcnen.com\/portal\/wp-json\/wp\/v2\/media?parent=264209"}],"wp:term":[{"taxonomy":"category","embeddable":true,"href":"https:\/\/www.pcnen.com\/portal\/wp-json\/wp\/v2\/categories?post=264209"},{"taxonomy":"post_tag","embeddable":true,"href":"https:\/\/www.pcnen.com\/portal\/wp-json\/wp\/v2\/tags?post=264209"}],"curies":[{"name":"wp","href":"https:\/\/api.w.org\/{rel}","templated":true}]}}