{"id":264187,"date":"2019-04-09T09:37:29","date_gmt":"2019-04-09T07:37:29","guid":{"rendered":"http:\/\/www.pcnen.com\/portal\/?p=264187"},"modified":"2019-04-09T10:36:38","modified_gmt":"2019-04-09T08:36:38","slug":"aktivisti-odupri-se-izveli-akciju-uzbuna","status":"publish","type":"post","link":"https:\/\/www.pcnen.com\/portal\/2019\/04\/09\/aktivisti-odupri-se-izveli-akciju-uzbuna\/","title":{"rendered":"Aktivisti &#8216;Odupri se&#8217; izveli akciju &#8216;Uzbuna&#8217;"},"content":{"rendered":"<p><img loading=\"lazy\" decoding=\"async\" class=\"alignright size-medium wp-image-209354\" src=\"http:\/\/www.pcnen.com\/portal\/wp-content\/uploads\/2016\/07\/megafon-300x205.jpg\" alt=\"\" width=\"300\" height=\"205\" \/>Aktivisti gra\u0111anskog pokreta &#8216;Odupri se&#8217; su jutros, bez najave, izveli akciju &#8216;Uzbuna&#8217; u centru Podgorice, koja je trajala od 06.45 do 07.15, saznaje PCNEN.<\/p>\n<p>Aktivisti su u 10 automobila napravili 15 krugova voze\u0107i lagano ulicama oko zgrade Skup\u0161tine Crne Gore, rezidencije predsjednika dr\u017eave, zgrade Vlade i Specijalnog dr\u017eavnog tu\u017eila\u0161tva, trube\u0107i i izvikuju\u0107i parole preko megafona.<\/p>\n<p><img loading=\"lazy\" decoding=\"async\" class=\"size-medium wp-image-264189 alignleft\" src=\"http:\/\/www.pcnen.com\/portal\/wp-content\/uploads\/2019\/04\/odupri-se-uzbuna-300x177.jpg\" alt=\"\" width=\"300\" height=\"177\" \/>Uzvikivane su parole protiv predsjednika Crne Gore Mila \u0110ukanovi\u0107a, koje se ina\u010de mogu \u010duti na protestima u organizaciji pokreta &#8216;Odupri se&#8217;, kao i: \u201eMi smo dr\u017eava\u201c, \u201e\u201cUlica Slobode\u201c, Odlazi Katni\u0107u\u201c i sl.<\/p>\n<p>Prema izvorima PCNEN-a, policija je bila \u201cpotpuno zbunjena i nije znala \u0161ta da radi\u201c. U jednom trenutku je dobila poja\u010danje, ali nije preduzimala nikakve akcije.<\/p>\n<p>Gra\u0111ani su, prema istom izvoru, bili prvo u \u0161oku, ne znaju\u0107i \u0161ta se de\u0161ava, da bi kasnije, kada su shvatili o \u010demu je rije\u010d, uglavnom odobravaju\u0107e mahali i pozdravljali.<\/p>\n","protected":false},"excerpt":{"rendered":"<p>Aktivisti su u 10 automobila napravili 15 krugova voze\u0107i lagano ulicama oko zgrade Skup\u0161tine Crne Gore, rezidencije predsjednika dr\u017eave, zgrade Vlade i Specijalnog dr\u017eavnog tu\u017eila\u0161tva, trube\u0107i i izvikuju\u0107i parole preko megafona<\/p>\n","protected":false},"author":1,"featured_media":0,"comment_status":"open","ping_status":"closed","sticky":false,"template":"","format":"standard","meta":{"_seopress_robots_primary_cat":"","_seopress_titles_title":"","_seopress_titles_desc":"","_seopress_robots_index":"","_et_pb_use_builder":"","_et_pb_old_content":"","_et_gb_content_width":"","inline_featured_image":false,"footnotes":""},"categories":[14,12],"tags":[],"class_list":["post-264187","post","type-post","status-publish","format-standard","hentry","category-vijesti","category-prica-dana"],"_links":{"self":[{"href":"https:\/\/www.pcnen.com\/portal\/wp-json\/wp\/v2\/posts\/264187","targetHints":{"allow":["GET"]}}],"collection":[{"href":"https:\/\/www.pcnen.com\/portal\/wp-json\/wp\/v2\/posts"}],"about":[{"href":"https:\/\/www.pcnen.com\/portal\/wp-json\/wp\/v2\/types\/post"}],"author":[{"embeddable":true,"href":"https:\/\/www.pcnen.com\/portal\/wp-json\/wp\/v2\/users\/1"}],"replies":[{"embeddable":true,"href":"https:\/\/www.pcnen.com\/portal\/wp-json\/wp\/v2\/comments?post=264187"}],"version-history":[{"count":0,"href":"https:\/\/www.pcnen.com\/portal\/wp-json\/wp\/v2\/posts\/264187\/revisions"}],"wp:attachment":[{"href":"https:\/\/www.pcnen.com\/portal\/wp-json\/wp\/v2\/media?parent=264187"}],"wp:term":[{"taxonomy":"category","embeddable":true,"href":"https:\/\/www.pcnen.com\/portal\/wp-json\/wp\/v2\/categories?post=264187"},{"taxonomy":"post_tag","embeddable":true,"href":"https:\/\/www.pcnen.com\/portal\/wp-json\/wp\/v2\/tags?post=264187"}],"curies":[{"name":"wp","href":"https:\/\/api.w.org\/{rel}","templated":true}]}}