{"id":264185,"date":"2019-04-09T09:10:41","date_gmt":"2019-04-09T07:10:41","guid":{"rendered":"http:\/\/www.pcnen.com\/portal\/?p=264185"},"modified":"2019-04-09T11:19:40","modified_gmt":"2019-04-09T09:19:40","slug":"vakcinacija-nije-uslov-za-upis-u-skole","status":"publish","type":"post","link":"https:\/\/www.pcnen.com\/portal\/2019\/04\/09\/vakcinacija-nije-uslov-za-upis-u-skole\/","title":{"rendered":"Vakcinacija nije uslov za upis u \u0161kole"},"content":{"rendered":"<p><img loading=\"lazy\" decoding=\"async\" class=\"alignright size-full wp-image-224351\" src=\"http:\/\/www.pcnen.com\/portal\/wp-content\/uploads\/2017\/04\/vakcina-djeca.jpg\" alt=\"\" width=\"275\" height=\"183\" \/>Generalni direktor Direktorata za javno zdravlje dr Miro Kne\u017eevi\u0107 je rekao da vakcinacija nije uslov za upis u \u0161kole i vrti\u0107e u Crnoj Gori, ali da bi to zakonom trebalo promijeniti.<br \/>\nIzmjene zakona bi, kako smatra, zna\u010dile bolju za\u0161titu djece.<\/p>\n<p>\u201cGarantovala bi se za\u0161tita stanovni\u0161tva od zaraznih bolesti u korist za\u0161tite djece\u201d, kazao je Kne\u017eevi\u0107 u Jutarnjem programu TVCG.<\/p>\n","protected":false},"excerpt":{"rendered":"<p>Generalni direktor Direktorata za javno zdravlje dr Miro Kne\u017eevi\u0107 je rekao da vakcinacija nije uslov za upis u \u0161kole i vrti\u0107e u Crnoj Gori, ali da bi to zakonom trebalo promijeniti. Izmjene zakona bi, kako smatra, zna\u010dile bolju za\u0161titu djece. \u201cGarantovala bi se za\u0161tita stanovni\u0161tva od zaraznih bolesti u korist za\u0161tite djece\u201d, kazao je Kne\u017eevi\u0107 [&hellip;]<\/p>\n","protected":false},"author":1,"featured_media":0,"comment_status":"open","ping_status":"closed","sticky":false,"template":"","format":"standard","meta":{"_seopress_robots_primary_cat":"","_seopress_titles_title":"","_seopress_titles_desc":"","_seopress_robots_index":"","_et_pb_use_builder":"","_et_pb_old_content":"","_et_gb_content_width":"","inline_featured_image":false,"footnotes":""},"categories":[14,12],"tags":[],"class_list":["post-264185","post","type-post","status-publish","format-standard","hentry","category-vijesti","category-prica-dana"],"_links":{"self":[{"href":"https:\/\/www.pcnen.com\/portal\/wp-json\/wp\/v2\/posts\/264185","targetHints":{"allow":["GET"]}}],"collection":[{"href":"https:\/\/www.pcnen.com\/portal\/wp-json\/wp\/v2\/posts"}],"about":[{"href":"https:\/\/www.pcnen.com\/portal\/wp-json\/wp\/v2\/types\/post"}],"author":[{"embeddable":true,"href":"https:\/\/www.pcnen.com\/portal\/wp-json\/wp\/v2\/users\/1"}],"replies":[{"embeddable":true,"href":"https:\/\/www.pcnen.com\/portal\/wp-json\/wp\/v2\/comments?post=264185"}],"version-history":[{"count":0,"href":"https:\/\/www.pcnen.com\/portal\/wp-json\/wp\/v2\/posts\/264185\/revisions"}],"wp:attachment":[{"href":"https:\/\/www.pcnen.com\/portal\/wp-json\/wp\/v2\/media?parent=264185"}],"wp:term":[{"taxonomy":"category","embeddable":true,"href":"https:\/\/www.pcnen.com\/portal\/wp-json\/wp\/v2\/categories?post=264185"},{"taxonomy":"post_tag","embeddable":true,"href":"https:\/\/www.pcnen.com\/portal\/wp-json\/wp\/v2\/tags?post=264185"}],"curies":[{"name":"wp","href":"https:\/\/api.w.org\/{rel}","templated":true}]}}