{"id":264172,"date":"2019-04-08T21:10:18","date_gmt":"2019-04-08T19:10:18","guid":{"rendered":"http:\/\/www.pcnen.com\/portal\/?p=264172"},"modified":"2019-04-08T21:14:04","modified_gmt":"2019-04-08T19:14:04","slug":"sad-proglasile-iransku-revolucionarnu-gardu-teroristickom-organizacijom","status":"publish","type":"post","link":"https:\/\/www.pcnen.com\/portal\/2019\/04\/08\/sad-proglasile-iransku-revolucionarnu-gardu-teroristickom-organizacijom\/","title":{"rendered":"SAD proglasile iransku Revolucionarnu gardu teroristi\u010dkom organizacijom"},"content":{"rendered":"<p><img loading=\"lazy\" decoding=\"async\" class=\"alignright size-medium wp-image-264173\" src=\"http:\/\/www.pcnen.com\/portal\/wp-content\/uploads\/2019\/04\/Revolucionarna-garda-Iran-300x178.jpg\" alt=\"\" width=\"300\" height=\"178\" \/>Predsjednik SAD Donald Tramp je izjavio danas da su SAD ozna\u010dile iransku Revolucionarnu gardu kao &#8220;stranu teroristi\u010dku organizaciju&#8221;, u okviru napora da pove\u0107aju me\u0111unarodni pritisak na Teheran.<\/p>\n<p>Takav potez Va\u0161ingtona je bez presedana, jer SAD do sada nikad nijesu proglasile organ neke strane vlade teroristi\u010dkim.<\/p>\n<p>Tramp je rekao da se tim potezom &#8220;priznaje stvarnost&#8221; da je Iran dr\u017eava koja sponzori\u0161e terorizam i da Revolucionarna garda aktivno u\u010destvuje u tome, prenosi Beta pozivaju\u0107i se na AP.<\/p>\n<p>Dana\u0161njom odlukom Va\u0161ingtona uvode se sankcije kojima se zamrzava eventualna imovina Revolucionane garde u SAD i zabranjuje Amerikancima da posluju s tim entitetom.<\/p>\n<p>Zvani\u010dnici Trampove administracije naveli su da \u0107e taj korak dodatno izolovati Iran i jasno staviti do znanja da SAD ne\u0107e tolerisati kontinuiranu podr\u0161ku Teherana pobunjeni\u010dkim grupama i drugima koji destabilizuju Bliski istok.<\/p>\n<p>Iran je zaprijetio da \u0107e se osvetiti zbog odluke Va\u0161ingtona.<\/p>\n<p>Revolucionarna garda je paravojna organizacija formirana u vrijeme Islamske revolucije u Iranu 1979. godine da brani novu vladu te zemlje. Odgovorna je jedino vrhovnom lideru Irana i djeluje nezavisno od regularne iranske vojske.<\/p>\n<p>Iran je odmah proglasio ameri\u010dku vojsku &#8220;teroristi\u010dkom organizacijom&#8221;, objavila je iranska dr\u017eavna televizija.<\/p>\n","protected":false},"excerpt":{"rendered":"<p>Iran je odmah proglasio ameri\u010dku vojsku &#8220;teroristi\u010dkom organizacijom&#8221;<\/p>\n","protected":false},"author":1,"featured_media":0,"comment_status":"open","ping_status":"closed","sticky":false,"template":"","format":"standard","meta":{"_seopress_robots_primary_cat":"","_seopress_titles_title":"","_seopress_titles_desc":"","_seopress_robots_index":"","_et_pb_use_builder":"","_et_pb_old_content":"","_et_gb_content_width":"","inline_featured_image":false,"footnotes":""},"categories":[14,12],"tags":[],"class_list":["post-264172","post","type-post","status-publish","format-standard","hentry","category-vijesti","category-prica-dana"],"_links":{"self":[{"href":"https:\/\/www.pcnen.com\/portal\/wp-json\/wp\/v2\/posts\/264172","targetHints":{"allow":["GET"]}}],"collection":[{"href":"https:\/\/www.pcnen.com\/portal\/wp-json\/wp\/v2\/posts"}],"about":[{"href":"https:\/\/www.pcnen.com\/portal\/wp-json\/wp\/v2\/types\/post"}],"author":[{"embeddable":true,"href":"https:\/\/www.pcnen.com\/portal\/wp-json\/wp\/v2\/users\/1"}],"replies":[{"embeddable":true,"href":"https:\/\/www.pcnen.com\/portal\/wp-json\/wp\/v2\/comments?post=264172"}],"version-history":[{"count":0,"href":"https:\/\/www.pcnen.com\/portal\/wp-json\/wp\/v2\/posts\/264172\/revisions"}],"wp:attachment":[{"href":"https:\/\/www.pcnen.com\/portal\/wp-json\/wp\/v2\/media?parent=264172"}],"wp:term":[{"taxonomy":"category","embeddable":true,"href":"https:\/\/www.pcnen.com\/portal\/wp-json\/wp\/v2\/categories?post=264172"},{"taxonomy":"post_tag","embeddable":true,"href":"https:\/\/www.pcnen.com\/portal\/wp-json\/wp\/v2\/tags?post=264172"}],"curies":[{"name":"wp","href":"https:\/\/api.w.org\/{rel}","templated":true}]}}