{"id":264164,"date":"2019-04-08T13:08:29","date_gmt":"2019-04-08T11:08:29","guid":{"rendered":"http:\/\/www.pcnen.com\/portal\/?p=264164"},"modified":"2019-04-08T15:56:11","modified_gmt":"2019-04-08T13:56:11","slug":"cg-turci-osnovali-vise-od-2-000-firmi","status":"publish","type":"post","link":"https:\/\/www.pcnen.com\/portal\/2019\/04\/08\/cg-turci-osnovali-vise-od-2-000-firmi\/","title":{"rendered":"CG: Turci osnovali vi\u0161e od 2.000 firmi"},"content":{"rendered":"<p><img loading=\"lazy\" decoding=\"async\" src=\"http:\/\/www.pcnen.com\/portal\/wp-content\/uploads\/2016\/07\/turska.jpg\" alt=\"\" width=\"259\" height=\"194\" class=\"alignright size-full wp-image-210398\" \/>Vi\u0161e od 2.000 privrednih dru\u0161tava, \u010diji su osniva\u010di dr\u017eavljani Turske, posluje u Crnoj Gori, prenosi Anadolija.<\/p>\n<p>Najvi\u0161e firmi koncentrisano je na crnogorskom primorju, posebno u Budvi, kao i u Podgorici.<\/p>\n<p>Kako je u razgovoru za Anadoliju rekao Ertac Gungor, predsjednik Asocijacije turskih biznismena i investitora u Crnoj Gori, interesovanje za ulaganje turskih biznismena iz dana u dan je sve ve\u0107e.<\/p>\n<p>&#8220;Kada sam prije dvije godine do\u0161ao u Crnu Goru, bilo je oko 250 firmi koje su otvorili turski dr\u017eavljani. Sada je taj broj vi\u0161e od 2.000 firmi. Iz dana u dan se pove\u0107ava zainteresovanost turskih investitora i biznismena za dolazak u Crnu Goru\u201c, ka\u017ee Gungor.<\/p>\n<p>Na pitanje u koje sektore najvi\u0161e ula\u017eu biznismeni iz Turske, Gungor isti\u010de da je to gra\u0111evinarstvo.<\/p>\n<p>&#8220;Na prvom mjestu je gra\u0111evinarstvo, onda turizam, dok su ostali sektori na tre\u0107em mjestu. Ne baziramo se samo na sektore, ve\u0107 je cilj otvoriti ve\u0107e fabrike i smanjiti broj nezaposlenih\u201c, rekao je Gungor.<\/p>\n<p>&#8220;Postoje informacije da su dvije turske firme zainteresovane za Aerodrome Crne Gore\u201c, dodao je Gungor.<\/p>\n<p>Od ve\u0107ih investicija iz Turske, u Crnoj Gori posluje kompanija To\u0161\u010delik, koja upravlja \u017deljezarom Nik\u0161i\u0107, kao i kompanija Global ports, koja upravlja kontejnerskim terminalima i generalnim teretima u Luci Bar.<\/p>\n<p>Tako\u0111e, u kratkom roku otvoreni su objekti velikih turskih brendova Dogta\u0161 i LC Waikiki.<\/p>\n","protected":false},"excerpt":{"rendered":"<p>Vi\u0161e od 2.000 privrednih dru\u0161tava, \u010diji su osniva\u010di dr\u017eavljani Turske, posluje u Crnoj Gori, prenosi Anadolija. Najvi\u0161e firmi koncentrisano je na crnogorskom primorju, posebno u Budvi, kao i u Podgorici. Kako je u razgovoru za Anadoliju rekao Ertac Gungor, predsjednik Asocijacije turskih biznismena i investitora u Crnoj Gori, interesovanje za ulaganje turskih biznismena iz dana [&hellip;]<\/p>\n","protected":false},"author":1,"featured_media":0,"comment_status":"open","ping_status":"closed","sticky":false,"template":"","format":"standard","meta":{"_seopress_robots_primary_cat":"","_seopress_titles_title":"","_seopress_titles_desc":"","_seopress_robots_index":"","_et_pb_use_builder":"","_et_pb_old_content":"","_et_gb_content_width":"","inline_featured_image":false,"footnotes":""},"categories":[14,12],"tags":[],"class_list":["post-264164","post","type-post","status-publish","format-standard","hentry","category-vijesti","category-prica-dana"],"_links":{"self":[{"href":"https:\/\/www.pcnen.com\/portal\/wp-json\/wp\/v2\/posts\/264164","targetHints":{"allow":["GET"]}}],"collection":[{"href":"https:\/\/www.pcnen.com\/portal\/wp-json\/wp\/v2\/posts"}],"about":[{"href":"https:\/\/www.pcnen.com\/portal\/wp-json\/wp\/v2\/types\/post"}],"author":[{"embeddable":true,"href":"https:\/\/www.pcnen.com\/portal\/wp-json\/wp\/v2\/users\/1"}],"replies":[{"embeddable":true,"href":"https:\/\/www.pcnen.com\/portal\/wp-json\/wp\/v2\/comments?post=264164"}],"version-history":[{"count":0,"href":"https:\/\/www.pcnen.com\/portal\/wp-json\/wp\/v2\/posts\/264164\/revisions"}],"wp:attachment":[{"href":"https:\/\/www.pcnen.com\/portal\/wp-json\/wp\/v2\/media?parent=264164"}],"wp:term":[{"taxonomy":"category","embeddable":true,"href":"https:\/\/www.pcnen.com\/portal\/wp-json\/wp\/v2\/categories?post=264164"},{"taxonomy":"post_tag","embeddable":true,"href":"https:\/\/www.pcnen.com\/portal\/wp-json\/wp\/v2\/tags?post=264164"}],"curies":[{"name":"wp","href":"https:\/\/api.w.org\/{rel}","templated":true}]}}