{"id":264151,"date":"2019-04-08T10:57:18","date_gmt":"2019-04-08T08:57:18","guid":{"rendered":"http:\/\/www.pcnen.com\/portal\/?p=264151"},"modified":"2019-04-08T10:57:18","modified_gmt":"2019-04-08T08:57:18","slug":"terselic-sve-manje-kriticke-refleksije-o-odgovornosti-za-zlocine","status":"publish","type":"post","link":"https:\/\/www.pcnen.com\/portal\/2019\/04\/08\/terselic-sve-manje-kriticke-refleksije-o-odgovornosti-za-zlocine\/","title":{"rendered":"Ter\u0161eli\u010d: Sve manje kriti\u010dke refleksije o odgovornosti za zlo\u010dine"},"content":{"rendered":"<p><img loading=\"lazy\" decoding=\"async\" class=\"alignright size-medium wp-image-115503\" src=\"http:\/\/www.pcnen.com\/portal\/wp-content\/uploads\/2013\/06\/Vesna-Terselic-300x208.jpg\" alt=\"\" width=\"300\" height=\"208\" \/>Vesna Ter\u0161eli\u010d, mirovna aktivistkinja iz Zagreba i direktorica nevladine organizacije <a href=\"https:\/\/www.documenta.hr\/hr\/naslovnica.html\">Documenta<\/a>, je ocijenila da je u hrvatskom dru\u0161tvu sve manje kriti\u010dke refleksije o odgovornosti za zlo\u010dine.<\/p>\n<p>\u201cHrvatska kao dru\u0161tvo, uklju\u010duju\u0107i i najvi\u0161u politiku, ne uspijeva da se suo\u010di s potrebom da se zlo\u010dini i patnje \u017ertava priznaju. Sve se prilike propu\u0161taju. Presude Ha\u0161kog suda, kao i presude hrvatskih sudova u predmetima za ratne zlo\u010dine, bile su takve prilike, no one su propu\u0161tene\u201c, rekla je Ter\u0161eli\u0107 <a href=\"https:\/\/www.dw.com\/sr\/ter%C5%A1eli%C4%8D-koji-to-rat-ima-dostojanstvo\/a-48247555\">u intervjuu za DW.<\/a><\/p>\n<p>\u201cSlavimo isklju\u010divo na\u0161 heroizam i na\u0161e pobjede, bez sagledavanja koliko je \u017eivota ta pobjeda stajala i bez priznavanja prava civilnih \u017ertava rata. U Hrvatskoj su od svih civilnih \u017ertava priznata prava jedino \u017ertvama ratnog silovanja i seksualnog nasilja u ratu\u201c, kazala je Ter\u0161eli\u010d, koja smatra da je \u201cstaromodna interpretacija rata, u kojoj smo mi samo \u017ertve i pobjednici, ipak kratkog daha\u201c.<\/p>\n","protected":false},"excerpt":{"rendered":"<p>Slavimo isklju\u010divo na\u0161 heroizam i na\u0161e pobjede, bez sagledavanja koliko je \u017eivota ta pobjeda stajala i bez priznavanja prava civilnih \u017ertava rata<\/p>\n","protected":false},"author":1,"featured_media":0,"comment_status":"open","ping_status":"closed","sticky":false,"template":"","format":"standard","meta":{"_seopress_robots_primary_cat":"","_seopress_titles_title":"","_seopress_titles_desc":"","_seopress_robots_index":"","_et_pb_use_builder":"","_et_pb_old_content":"","_et_gb_content_width":"","inline_featured_image":false,"footnotes":""},"categories":[14,12],"tags":[],"class_list":["post-264151","post","type-post","status-publish","format-standard","hentry","category-vijesti","category-prica-dana"],"_links":{"self":[{"href":"https:\/\/www.pcnen.com\/portal\/wp-json\/wp\/v2\/posts\/264151","targetHints":{"allow":["GET"]}}],"collection":[{"href":"https:\/\/www.pcnen.com\/portal\/wp-json\/wp\/v2\/posts"}],"about":[{"href":"https:\/\/www.pcnen.com\/portal\/wp-json\/wp\/v2\/types\/post"}],"author":[{"embeddable":true,"href":"https:\/\/www.pcnen.com\/portal\/wp-json\/wp\/v2\/users\/1"}],"replies":[{"embeddable":true,"href":"https:\/\/www.pcnen.com\/portal\/wp-json\/wp\/v2\/comments?post=264151"}],"version-history":[{"count":0,"href":"https:\/\/www.pcnen.com\/portal\/wp-json\/wp\/v2\/posts\/264151\/revisions"}],"wp:attachment":[{"href":"https:\/\/www.pcnen.com\/portal\/wp-json\/wp\/v2\/media?parent=264151"}],"wp:term":[{"taxonomy":"category","embeddable":true,"href":"https:\/\/www.pcnen.com\/portal\/wp-json\/wp\/v2\/categories?post=264151"},{"taxonomy":"post_tag","embeddable":true,"href":"https:\/\/www.pcnen.com\/portal\/wp-json\/wp\/v2\/tags?post=264151"}],"curies":[{"name":"wp","href":"https:\/\/api.w.org\/{rel}","templated":true}]}}