{"id":264135,"date":"2019-04-07T21:30:45","date_gmt":"2019-04-07T19:30:45","guid":{"rendered":"http:\/\/www.pcnen.com\/portal\/?p=264135"},"modified":"2019-04-07T21:31:27","modified_gmt":"2019-04-07T19:31:27","slug":"mjestimicno-pljuskovi-i-grmljavina-2","status":"publish","type":"post","link":"https:\/\/www.pcnen.com\/portal\/2019\/04\/07\/mjestimicno-pljuskovi-i-grmljavina-2\/","title":{"rendered":"Mjestimi\u010dno pljuskovi i grmljavina"},"content":{"rendered":"<p><img loading=\"lazy\" decoding=\"async\" class=\"alignright size-medium wp-image-157609\" src=\"http:\/\/www.pcnen.com\/portal\/wp-content\/uploads\/2014\/09\/kisa-300x163.jpg\" alt=\"\" width=\"300\" height=\"163\" \/>U ponedjeljak \u0107e u Crnoj Gori biti prete\u017eno obla\u010dno, a ki\u0161a \u0107e padati povremeno. Mjestimi\u010dno \u0107e biti pljuskova i grmljavine, naro\u010dito u ju\u017enim krajevima tokom prvog dijela dana.<\/p>\n<p>Vjetar promjenljivog smjera bi\u0107e slab do umjeren, a tokom no\u0107i duva\u0107e sa sjevera ponegdje umjereno do poja\u010dano.<\/p>\n<p>Jutarnja temperatura vazduha kreta\u0107e se u rasponu od 3 do 14, a najvi\u0161a dnevna od 6 do 18 stepeni.<\/p>\n<p>U Podgorici \u0107e biti prete\u017eno obla\u010dno, povremeno sa ki\u0161om. Mogu\u0107 je da to bude i pljusak pra\u0107en grmljavinom, naro\u010dito tokom prvog dijela dana. Promjenljiv vjetar \u0107e uglavnom biti slab. Jutarnja temperatura vazduha bi\u0107e oko 13, a najvi\u0161a dnevna oko 16 stepeni.<\/p>\n<p><a href=\"http:\/\/www.meteo.co.me\/misc.php?text=121&amp;sektor=1&amp;grad=PLA\">Prognotza za ostale gradove.<\/a><\/p>\n","protected":false},"excerpt":{"rendered":"<p>Tokom no\u0107i duva\u0107e sa sjevera ponegdje umjereno do poja\u010dano<\/p>\n","protected":false},"author":1,"featured_media":0,"comment_status":"open","ping_status":"closed","sticky":false,"template":"","format":"standard","meta":{"_seopress_robots_primary_cat":"","_seopress_titles_title":"","_seopress_titles_desc":"","_seopress_robots_index":"","_et_pb_use_builder":"","_et_pb_old_content":"","_et_gb_content_width":"","inline_featured_image":false,"footnotes":""},"categories":[14,12],"tags":[],"class_list":["post-264135","post","type-post","status-publish","format-standard","hentry","category-vijesti","category-prica-dana"],"_links":{"self":[{"href":"https:\/\/www.pcnen.com\/portal\/wp-json\/wp\/v2\/posts\/264135","targetHints":{"allow":["GET"]}}],"collection":[{"href":"https:\/\/www.pcnen.com\/portal\/wp-json\/wp\/v2\/posts"}],"about":[{"href":"https:\/\/www.pcnen.com\/portal\/wp-json\/wp\/v2\/types\/post"}],"author":[{"embeddable":true,"href":"https:\/\/www.pcnen.com\/portal\/wp-json\/wp\/v2\/users\/1"}],"replies":[{"embeddable":true,"href":"https:\/\/www.pcnen.com\/portal\/wp-json\/wp\/v2\/comments?post=264135"}],"version-history":[{"count":0,"href":"https:\/\/www.pcnen.com\/portal\/wp-json\/wp\/v2\/posts\/264135\/revisions"}],"wp:attachment":[{"href":"https:\/\/www.pcnen.com\/portal\/wp-json\/wp\/v2\/media?parent=264135"}],"wp:term":[{"taxonomy":"category","embeddable":true,"href":"https:\/\/www.pcnen.com\/portal\/wp-json\/wp\/v2\/categories?post=264135"},{"taxonomy":"post_tag","embeddable":true,"href":"https:\/\/www.pcnen.com\/portal\/wp-json\/wp\/v2\/tags?post=264135"}],"curies":[{"name":"wp","href":"https:\/\/api.w.org\/{rel}","templated":true}]}}