{"id":264125,"date":"2019-04-07T17:19:10","date_gmt":"2019-04-07T15:19:10","guid":{"rendered":"http:\/\/www.pcnen.com\/portal\/?p=264125"},"modified":"2019-04-07T17:19:41","modified_gmt":"2019-04-07T15:19:41","slug":"sindikat-propituje-stankovica-i-katnica-zasto-ignorisu-nezakonite-radnje","status":"publish","type":"post","link":"https:\/\/www.pcnen.com\/portal\/2019\/04\/07\/sindikat-propituje-stankovica-i-katnica-zasto-ignorisu-nezakonite-radnje\/","title":{"rendered":"Sindikat propituje Stankovi\u0107a i Katni\u0107a za\u0161to ignori\u0161u nezakonite radnje"},"content":{"rendered":"<p><img loading=\"lazy\" decoding=\"async\" class=\"alignright wp-image-160111\" src=\"http:\/\/www.pcnen.com\/portal\/wp-content\/uploads\/2014\/10\/ivica-stankovi\u0107-foto-Dan-300x194.jpg\" alt=\"\" width=\"162\" height=\"105\" \/>Sindikat uprave i pravosu\u0111a je danas, u formi otvorenog pisma, zatra\u017eio danas od Ivice Stankovi\u0107a, vrhovnog dr\u017eavnog tu\u017eioca Crne Gore, i Milivoja Katni\u0107a, glavnog specijalnog tu\u017eioca, odgovore na pitanje za\u0161to se ne podi\u017eu optu\u017enice protivonih koji su, kako tvrde, nezakonitim radnjama o\u0161tetili Savez Sindikata Crne Gore za milionske iznose.<\/p>\n<p><img loading=\"lazy\" decoding=\"async\" class=\" wp-image-182307 alignleft\" src=\"http:\/\/www.pcnen.com\/portal\/wp-content\/uploads\/2015\/06\/Milivoje-Katnic-249x300.jpg\" alt=\"\" width=\"144\" height=\"173\" \/>&#8220;Svi vrapci na grani znaju za enormne pronevjere novca i imovine Saveza Sindikata Crne Gore, a va\u0161a institucija \u0107uti, ne reaguje i u fioci dr\u017ei sve dokaze. Postavlja se pitanje da li neko \u017eeli da ova krivi\u010dna djela zastaraju, da se zaborave, te se odgovorni aboliraju i ne odgovaraju pred slovom zakona. Ako se ne kazne krivci, sva odgovornost i jedini krivci ne\u0107e biti oni okoji su uradili krivi\u010dna djela, ve\u0107 \u0107e to biti Tu\u017eila\u0161tvo Crne Gore zbog svojih nepostupanja&#8221;, zaklju\u010duje se u saop\u0161tenju Sindikata.<\/p>\n<p>Sindikat uprave i pravosu\u0111a je najavio da \u0107e o svemu informisati Delegaciju Evropske unije u Crnoj Gori.<\/p>\n","protected":false},"excerpt":{"rendered":"<p>Sindikat uprave i pravosu\u0111a je danas, u formi otvorenog pisma, zatra\u017eio danas od Ivice Stankovi\u0107a, vrhovnog dr\u017eavnog tu\u017eioca Crne Gore, i Milivoja Katni\u0107a, glavnog specijalnog tu\u017eioca, odgovore na pitanje za\u0161to se ne podi\u017eu optu\u017enice protivonih koji su, kako tvrde, nezakonitim radnjama o\u0161tetili Savez Sindikata Crne Gore za milionske iznose. &#8220;Svi vrapci na grani znaju za [&hellip;]<\/p>\n","protected":false},"author":1,"featured_media":0,"comment_status":"open","ping_status":"closed","sticky":false,"template":"","format":"standard","meta":{"_seopress_robots_primary_cat":"","_seopress_titles_title":"","_seopress_titles_desc":"","_seopress_robots_index":"","_et_pb_use_builder":"","_et_pb_old_content":"","_et_gb_content_width":"","inline_featured_image":false,"footnotes":""},"categories":[14,12],"tags":[],"class_list":["post-264125","post","type-post","status-publish","format-standard","hentry","category-vijesti","category-prica-dana"],"_links":{"self":[{"href":"https:\/\/www.pcnen.com\/portal\/wp-json\/wp\/v2\/posts\/264125","targetHints":{"allow":["GET"]}}],"collection":[{"href":"https:\/\/www.pcnen.com\/portal\/wp-json\/wp\/v2\/posts"}],"about":[{"href":"https:\/\/www.pcnen.com\/portal\/wp-json\/wp\/v2\/types\/post"}],"author":[{"embeddable":true,"href":"https:\/\/www.pcnen.com\/portal\/wp-json\/wp\/v2\/users\/1"}],"replies":[{"embeddable":true,"href":"https:\/\/www.pcnen.com\/portal\/wp-json\/wp\/v2\/comments?post=264125"}],"version-history":[{"count":0,"href":"https:\/\/www.pcnen.com\/portal\/wp-json\/wp\/v2\/posts\/264125\/revisions"}],"wp:attachment":[{"href":"https:\/\/www.pcnen.com\/portal\/wp-json\/wp\/v2\/media?parent=264125"}],"wp:term":[{"taxonomy":"category","embeddable":true,"href":"https:\/\/www.pcnen.com\/portal\/wp-json\/wp\/v2\/categories?post=264125"},{"taxonomy":"post_tag","embeddable":true,"href":"https:\/\/www.pcnen.com\/portal\/wp-json\/wp\/v2\/tags?post=264125"}],"curies":[{"name":"wp","href":"https:\/\/api.w.org\/{rel}","templated":true}]}}