{"id":264114,"date":"2019-04-07T09:27:17","date_gmt":"2019-04-07T07:27:17","guid":{"rendered":"http:\/\/www.pcnen.com\/portal\/?p=264114"},"modified":"2019-04-07T09:27:17","modified_gmt":"2019-04-07T07:27:17","slug":"gadafijev-ili-cia-general-ujedinjuje-libiju","status":"publish","type":"post","link":"https:\/\/www.pcnen.com\/portal\/2019\/04\/07\/gadafijev-ili-cia-general-ujedinjuje-libiju\/","title":{"rendered":"Gadafijev ili CIA general ujedinjuje Libiju"},"content":{"rendered":"<p><img loading=\"lazy\" decoding=\"async\" class=\"alignright size-medium wp-image-264115\" src=\"http:\/\/www.pcnen.com\/portal\/wp-content\/uploads\/2019\/04\/Halifa-Haftar-300x219.jpg\" alt=\"\" width=\"300\" height=\"219\" srcset=\"https:\/\/www.pcnen.com\/portal\/wp-content\/uploads\/2019\/04\/Halifa-Haftar.jpg 300w, https:\/\/www.pcnen.com\/portal\/wp-content\/uploads\/2019\/04\/Halifa-Haftar-235x172.jpg 235w, https:\/\/www.pcnen.com\/portal\/wp-content\/uploads\/2019\/04\/Halifa-Haftar-75x55.jpg 75w, https:\/\/www.pcnen.com\/portal\/wp-content\/uploads\/2019\/04\/Halifa-Haftar-220x161.jpg 220w, https:\/\/www.pcnen.com\/portal\/wp-content\/uploads\/2019\/04\/Halifa-Haftar-90x65.jpg 90w\" sizes=\"(max-width: 300px) 100vw, 300px\" \/>General Halifa Haftar je odlu\u010dio da zavr\u0161i ono \u0161to je po\u010deo 2014. godine \u2014 ujedinjavanje Libije. Ostala mu je jo\u0161 samo prestonica \u2014 Tripoli \u2014 koju kontroli\u0161u razli\u010dite islamisti\u010dke grupe, prenosi portal Krstarica.<\/p>\n<p>Libija kao jedinstvena dr\u017eava fakti\u010dki je prestala da postoji svrgavanjem Muamera el Gadafija 2011. godine. Danas, dr\u017eava je podeljena na dva dijela: istok i dio juga, sa centrom u gradu Tobruku, kontroli\u0161e narodna skup\u0161tina koju podr\u017eava Libijska nacionalna armija, dok zapad, sa sjedi\u0161tem u Tripoliju, kontroli\u0161e Vlada nacionalnog jedinstva, na \u010delu sa Faizom Sarad\u017eom.<\/p>\n<p>General Halifa Haftar je imao burnu pro\u0161lost. Pomogao je u dolasku Muamera el Gadafija na \u010delo dr\u017eave 1969. godine, \u0161kolovao se u Moskvi (navodno govori ruski jezik), a zatim je jedno vrijeme bio miljenik predsjednika Libije. Nakon \u0161to je optu\u017een za neuspjeh u ratu protiv \u010cada, odlazi u SAD, gdje je proveo 20 godina. Mnogi smatraju da je tada i po\u010deo da sara\u0111uje sa CIA.<\/p>\n<p>Nakon svrgavanja Gadafija, general se vrac\u0301a u zemlju, gde, okupiv\u0161i biv\u0161e Gadafijeve vojnike i uz pomoc\u0301 Egipta i Ujedinjenih Arapskih Emirata, zapo\u010dinje rat protiv radikalnih islamista. Za tu borbu dobio je podr\u0161ku i Moskve. U 2016. godini dvaput je posjetio Moskvu, dok je u januaru 2017. godine boravio na ruskom nosa\u010du aviona &#8216;General Kuznjecov&#8217;, dok se brod nalazio u blizini libijske obale. Poslednji put je bio u Rusiji u novembru pro\u0161le godine, podsje\u0107a se u tekstu na <a href=\"https:\/\/www.krstarica.com\/vesti\/svet\/libija-pred-ujedinjenjem-misteriozni-general-u-glavnoj-ulozi\/\">portalu Krstarica.<\/a><\/p>\n","protected":false},"excerpt":{"rendered":"<p>General Halifa Haftar je odlu\u010dio da zavr\u0161i ono \u0161to je po\u010deo 2014. godine \u2014 ujedinjavanje Libije. Ostala mu je jo\u0161 samo prestonica \u2014 Tripoli \u2014 koju kontroli\u0161u razli\u010dite islamisti\u010dke grupe, prenosi portal Krstarica. Libija kao jedinstvena dr\u017eava fakti\u010dki je prestala da postoji svrgavanjem Muamera el Gadafija 2011. godine. Danas, dr\u017eava je podeljena na dva dijela: [&hellip;]<\/p>\n","protected":false},"author":1,"featured_media":264115,"comment_status":"open","ping_status":"closed","sticky":false,"template":"","format":"standard","meta":{"_seopress_robots_primary_cat":"","_seopress_titles_title":"","_seopress_titles_desc":"","_seopress_robots_index":"","_et_pb_use_builder":"","_et_pb_old_content":"","_et_gb_content_width":"","inline_featured_image":false,"footnotes":""},"categories":[14,12],"tags":[],"class_list":["post-264114","post","type-post","status-publish","format-standard","has-post-thumbnail","hentry","category-vijesti","category-prica-dana"],"_links":{"self":[{"href":"https:\/\/www.pcnen.com\/portal\/wp-json\/wp\/v2\/posts\/264114","targetHints":{"allow":["GET"]}}],"collection":[{"href":"https:\/\/www.pcnen.com\/portal\/wp-json\/wp\/v2\/posts"}],"about":[{"href":"https:\/\/www.pcnen.com\/portal\/wp-json\/wp\/v2\/types\/post"}],"author":[{"embeddable":true,"href":"https:\/\/www.pcnen.com\/portal\/wp-json\/wp\/v2\/users\/1"}],"replies":[{"embeddable":true,"href":"https:\/\/www.pcnen.com\/portal\/wp-json\/wp\/v2\/comments?post=264114"}],"version-history":[{"count":0,"href":"https:\/\/www.pcnen.com\/portal\/wp-json\/wp\/v2\/posts\/264114\/revisions"}],"wp:featuredmedia":[{"embeddable":true,"href":"https:\/\/www.pcnen.com\/portal\/wp-json\/wp\/v2\/media\/264115"}],"wp:attachment":[{"href":"https:\/\/www.pcnen.com\/portal\/wp-json\/wp\/v2\/media?parent=264114"}],"wp:term":[{"taxonomy":"category","embeddable":true,"href":"https:\/\/www.pcnen.com\/portal\/wp-json\/wp\/v2\/categories?post=264114"},{"taxonomy":"post_tag","embeddable":true,"href":"https:\/\/www.pcnen.com\/portal\/wp-json\/wp\/v2\/tags?post=264114"}],"curies":[{"name":"wp","href":"https:\/\/api.w.org\/{rel}","templated":true}]}}