{"id":264110,"date":"2019-04-07T08:41:57","date_gmt":"2019-04-07T06:41:57","guid":{"rendered":"http:\/\/www.pcnen.com\/portal\/?p=264110"},"modified":"2019-04-07T09:28:27","modified_gmt":"2019-04-07T07:28:27","slug":"polovina-covjecanstva-nema-zdravstvenu-zastitu","status":"publish","type":"post","link":"https:\/\/www.pcnen.com\/portal\/2019\/04\/07\/polovina-covjecanstva-nema-zdravstvenu-zastitu\/","title":{"rendered":"Polovina \u010dovje\u010danstva nema zdravstvenu za\u0161titu"},"content":{"rendered":"<p><img loading=\"lazy\" decoding=\"async\" class=\"alignright size-medium wp-image-106692\" src=\"http:\/\/www.pcnen.com\/portal\/wp-content\/uploads\/2013\/02\/szo-logo-296x300.gif\" alt=\"\" width=\"296\" height=\"300\" \/>Najmanje polovina ljudi na Zemlji nema zdravstvenu za\u0161titu, podatak je saop\u0161ten na Svjetski dan zdravlja koji se svake godine slavi 7. aprila, na dan kada je stvorena Svjetska zdravstvena organizacija (SZO).<\/p>\n<p>Prema procjenama SZO, oko 100 miliona ljudi u svijetu je siroma\u0161no, a prisiljeno je da pla\u0107a zdravstvene usluge iz svog d\u017eepa.<\/p>\n<p>Slogan ovogodi\u0161njeg obilje\u017eavanja Svjetskog dana zdravlja je \u201cPrimarna zdravstvena za\u0161tita \u2013 osnov univerzalne pokrivenosti zdravstvenom za\u0161titom.\u201d<\/p>\n","protected":false},"excerpt":{"rendered":"<p>Najmanje polovina ljudi na Zemlji nema zdravstvenu za\u0161titu, podatak je saop\u0161ten na Svjetski dan zdravlja koji se svake godine slavi 7. aprila, na dan kada je stvorena Svjetska zdravstvena organizacija (SZO). Prema procjenama SZO, oko 100 miliona ljudi u svijetu je siroma\u0161no, a prisiljeno je da pla\u0107a zdravstvene usluge iz svog d\u017eepa. Slogan ovogodi\u0161njeg obilje\u017eavanja [&hellip;]<\/p>\n","protected":false},"author":1,"featured_media":0,"comment_status":"open","ping_status":"closed","sticky":false,"template":"","format":"standard","meta":{"_seopress_robots_primary_cat":"","_seopress_titles_title":"","_seopress_titles_desc":"","_seopress_robots_index":"","_et_pb_use_builder":"","_et_pb_old_content":"","_et_gb_content_width":"","inline_featured_image":false,"footnotes":""},"categories":[14,12],"tags":[],"class_list":["post-264110","post","type-post","status-publish","format-standard","hentry","category-vijesti","category-prica-dana"],"_links":{"self":[{"href":"https:\/\/www.pcnen.com\/portal\/wp-json\/wp\/v2\/posts\/264110","targetHints":{"allow":["GET"]}}],"collection":[{"href":"https:\/\/www.pcnen.com\/portal\/wp-json\/wp\/v2\/posts"}],"about":[{"href":"https:\/\/www.pcnen.com\/portal\/wp-json\/wp\/v2\/types\/post"}],"author":[{"embeddable":true,"href":"https:\/\/www.pcnen.com\/portal\/wp-json\/wp\/v2\/users\/1"}],"replies":[{"embeddable":true,"href":"https:\/\/www.pcnen.com\/portal\/wp-json\/wp\/v2\/comments?post=264110"}],"version-history":[{"count":0,"href":"https:\/\/www.pcnen.com\/portal\/wp-json\/wp\/v2\/posts\/264110\/revisions"}],"wp:attachment":[{"href":"https:\/\/www.pcnen.com\/portal\/wp-json\/wp\/v2\/media?parent=264110"}],"wp:term":[{"taxonomy":"category","embeddable":true,"href":"https:\/\/www.pcnen.com\/portal\/wp-json\/wp\/v2\/categories?post=264110"},{"taxonomy":"post_tag","embeddable":true,"href":"https:\/\/www.pcnen.com\/portal\/wp-json\/wp\/v2\/tags?post=264110"}],"curies":[{"name":"wp","href":"https:\/\/api.w.org\/{rel}","templated":true}]}}