{"id":264082,"date":"2019-04-06T22:21:29","date_gmt":"2019-04-06T20:21:29","guid":{"rendered":"http:\/\/www.pcnen.com\/portal\/?p=264082"},"modified":"2019-04-06T22:21:29","modified_gmt":"2019-04-06T20:21:29","slug":"kise-ce-biti-popodne","status":"publish","type":"post","link":"https:\/\/www.pcnen.com\/portal\/2019\/04\/06\/kise-ce-biti-popodne\/","title":{"rendered":"Ki\u0161e \u0107e biti popodne"},"content":{"rendered":"<p><img loading=\"lazy\" decoding=\"async\" class=\"alignright size-medium wp-image-237154\" src=\"http:\/\/www.pcnen.com\/portal\/wp-content\/uploads\/2017\/11\/kisobran-300x221.jpg\" alt=\"\" width=\"300\" height=\"221\" \/>U nedjelju \u0107e biti promjenljivo obla\u010dno sa sun\u010danim intervalima. Popodne \u0107e, uglavnom u sjevernim i centralnim krajevima Crne Gore, mjestimi\u010dno biti slabe ki\u0161e. Tokom no\u0107i ki\u0161a i grmljavina se o\u010dekuje na jugu zemlje.<\/p>\n<p>Vjetar promjenljivog smjera bi\u0107e slab do umjeren.<\/p>\n<p>Jutarnja temperatura vazduha bi\u0107e od 3 do 13, a najvi\u0161a dnevna od 8 do 21 stepen.<\/p>\n<p>U Podgorici \u0107e biti promjenljivo obla\u010dno sa sun\u010danim intervalima. Tokom dana \u0107e uglavnom biti suvo, a krajem dana ili tokom no\u0107i povremeno \u0107e biti ki\u0161e i grmljavine. Vjetar isto\u010dni i jugoisto\u010dni bi\u0107e slab.<\/p>\n<p>Jutarnja temperatura vazduha bi\u0107e oko 12, a najvi\u0161a dnevna 20 stepeni.<\/p>\n<p><a href=\"http:\/\/www.meteo.co.me\/misc.php?text=121&amp;sektor=1&amp;grad=TIV\">Prognoza za ostale gradove.<\/a><\/p>\n","protected":false},"excerpt":{"rendered":"<p>Najvi\u0161a dnevna temperatura bi\u0107e u rasponu od 8 do 21 stepen<\/p>\n","protected":false},"author":1,"featured_media":0,"comment_status":"open","ping_status":"closed","sticky":false,"template":"","format":"standard","meta":{"_seopress_robots_primary_cat":"","_seopress_titles_title":"","_seopress_titles_desc":"","_seopress_robots_index":"","_et_pb_use_builder":"","_et_pb_old_content":"","_et_gb_content_width":"","inline_featured_image":false,"footnotes":""},"categories":[14,12],"tags":[],"class_list":["post-264082","post","type-post","status-publish","format-standard","hentry","category-vijesti","category-prica-dana"],"_links":{"self":[{"href":"https:\/\/www.pcnen.com\/portal\/wp-json\/wp\/v2\/posts\/264082","targetHints":{"allow":["GET"]}}],"collection":[{"href":"https:\/\/www.pcnen.com\/portal\/wp-json\/wp\/v2\/posts"}],"about":[{"href":"https:\/\/www.pcnen.com\/portal\/wp-json\/wp\/v2\/types\/post"}],"author":[{"embeddable":true,"href":"https:\/\/www.pcnen.com\/portal\/wp-json\/wp\/v2\/users\/1"}],"replies":[{"embeddable":true,"href":"https:\/\/www.pcnen.com\/portal\/wp-json\/wp\/v2\/comments?post=264082"}],"version-history":[{"count":0,"href":"https:\/\/www.pcnen.com\/portal\/wp-json\/wp\/v2\/posts\/264082\/revisions"}],"wp:attachment":[{"href":"https:\/\/www.pcnen.com\/portal\/wp-json\/wp\/v2\/media?parent=264082"}],"wp:term":[{"taxonomy":"category","embeddable":true,"href":"https:\/\/www.pcnen.com\/portal\/wp-json\/wp\/v2\/categories?post=264082"},{"taxonomy":"post_tag","embeddable":true,"href":"https:\/\/www.pcnen.com\/portal\/wp-json\/wp\/v2\/tags?post=264082"}],"curies":[{"name":"wp","href":"https:\/\/api.w.org\/{rel}","templated":true}]}}