{"id":264079,"date":"2019-04-06T20:23:03","date_gmt":"2019-04-06T18:23:03","guid":{"rendered":"http:\/\/www.pcnen.com\/portal\/?p=264079"},"modified":"2019-04-06T22:34:11","modified_gmt":"2019-04-06T20:34:11","slug":"odupri-se-97-000-ce-organizovati-nenasilne-akcije-u-svim-gradovima","status":"publish","type":"post","link":"https:\/\/www.pcnen.com\/portal\/2019\/04\/06\/odupri-se-97-000-ce-organizovati-nenasilne-akcije-u-svim-gradovima\/","title":{"rendered":"Odupri se \u2013 97.000  \u0107e organizovati nenasilne akcije u svim gradovima"},"content":{"rendered":"<p><img loading=\"lazy\" decoding=\"async\" class=\"alignright size-medium wp-image-264080\" src=\"http:\/\/www.pcnen.com\/portal\/wp-content\/uploads\/2019\/04\/protest-6-300x238.jpg\" alt=\"\" width=\"300\" height=\"238\" srcset=\"https:\/\/www.pcnen.com\/portal\/wp-content\/uploads\/2019\/04\/protest-6.jpg 300w, https:\/\/www.pcnen.com\/portal\/wp-content\/uploads\/2019\/04\/protest-6-235x186.jpg 235w, https:\/\/www.pcnen.com\/portal\/wp-content\/uploads\/2019\/04\/protest-6-75x60.jpg 75w, https:\/\/www.pcnen.com\/portal\/wp-content\/uploads\/2019\/04\/protest-6-220x175.jpg 220w\" sizes=\"(max-width: 300px) 100vw, 300px\" \/>Organizatori <a href=\"http:\/\/www.pcnen.com\/portal\/2019\/04\/06\/danas-osmi-protest-pod-sloganom-odupri-se-97-000\/\">osmog protesta pod sloganom O<\/a>dupri se \u2013 97.000 najavili su da \u0107e od naredne sedmice organizovati nenasilne akcije u svim gradovima u Crnoj Gori da bi blokirali sistem i prisilili vlast da prihvati njihove zahtjeve.<\/p>\n<p>Gra\u0111ani su se okupili ve\u010deras na platou ispred zgrade Skup\u0161tine, nakon \u010dega su krenuli u \u0161etnju centralnim dijelom grada, u kome su smje\u0161tene dr\u017eavne institucije.<\/p>\n<p>Nikola Grdni\u0107i je, u ime organizatora, rekao da bunt treba da krene iz svih gradova i najavio akcije nenasilnog otpora koje \u0107e organizovati i drugim danima, a ne samo subotom.<\/p>\n<p>On je kazao da pokret Odupri se nikad ne\u0107e postati partije, navode\u0107i da je skup koji organizuju gra\u0111anski za dobro svih gra\u0111ana, prenosi Mina.<\/p>\n<p>\u201cSporazumom sa partijama otvorili smo vrata da se svi ujedinimo jer je ovo bunt svih nas, jer samo ujedinjeni mo\u017eemo pobijediti re\u017eim\u201d, poru\u010dio je Grdini\u0107.<\/p>\n<p>Kako je naveo, ovo je \u0161ansa da tako ujedinjeni \u201cizaberemo najsposobnije i organizujemo prve slobodne izbore u Crnoj Gori\u201c.<\/p>\n<p>\u201cHo\u0107emo da do\u017eivimo dr\u017eavu na \u010dijem \u010delu ne\u0107e biti lopovi i gdje \u0107e svoje mjesto imati sposobni, a ne podobni\u201d, istakao je Grdini\u0107.<\/p>\n<p>On je rekao da se student, koji su najja\u010da snaga, bude i dodao da \u0107e formirati \u017eivi zid mladih kako bi pokazali da su zajedno.<\/p>\n<p>Vuk Vujisi\u0107 iz Studentske inicijative kazao je da protesti ne\u0107e stati ni pored pritisaka.<\/p>\n<p>\u201cI pored svih zastra\u0161ivanja ne\u0107emo stati dok sa slobodom ne upoznamo i poslednjeg mladog \u010dovjeka u Crnoj Gori. Nije normalno da mladi poslije zavr\u0161enih fakulteta odlaze odavde, da ovoliko godina nekamo slobodan Univerzitet\u201d, naveo je Vujisi\u0107.<\/p>\n<p>Prema njegovim rije\u010dima, Univerzitet Crne Gore je pod partijskom kontrolom.<\/p>\n<p>\u201cUniverzitet mora biti bastion slobode na kome se mora u\u010diti o slobodi. Studenti tra\u017ee samo bolje uslove za rad i studentski parlament koji \u0107e zastupati na\u0161e interese i, naravno, da se poslije studija mogu zaposliti i stvarati porodicu\u201d, kazao je Vujisi\u0107.<\/p>\n<p>Gra\u0111anski aktivista Dragan So\u0161i\u0107 rekao je da su gra\u0111ani najva\u017eniji dio dr\u017eave i pozvao na ostavke dr\u017eavnih funkcionera.<\/p>\n<p>\u201cOvih dana Crnu Goru gra\u0111ani brane tijelima. Oteli su nam vlast i 30 godina je ne pu\u0161taju\u201d, rekao je So\u0161i\u0107.<\/p>\n<p>On je najavio da \u0107e narednih dana organizovati brojne akcije gra\u0111anske neposlu\u0161nosti.<\/p>\n<p>\u201cBlokira\u0107emo im sistem sve dok ne odu. Bi\u0107emo uporni. Radi\u0107emo sve to do kraja\u201d, kazao je So\u0161i\u0107.<\/p>\n<p>Ovog puta nije najavljen datum narednih protesta u Podgorici, ve\u0107 je <a href=\"http:\/\/www.oduprise.me\/novosti\/ovo-su-protesti-svih-gradjana-nema-odustajanja\/\">nagla\u0161eno<\/a> da \u0107e se to desiti uskoro, zajedno sa planom svih ostalih akcija gra\u0111anske neposlu\u0161nosti.<\/p>\n","protected":false},"excerpt":{"rendered":"<p>Organizatori osmog protesta pod sloganom Odupri se \u2013 97.000 najavili su da \u0107e od naredne sedmice organizovati nenasilne akcije u svim gradovima u Crnoj Gori da bi blokirali sistem i prisilili vlast da prihvati njihove zahtjeve. Gra\u0111ani su se okupili ve\u010deras na platou ispred zgrade Skup\u0161tine, nakon \u010dega su krenuli u \u0161etnju centralnim dijelom grada, [&hellip;]<\/p>\n","protected":false},"author":1,"featured_media":264080,"comment_status":"open","ping_status":"closed","sticky":false,"template":"","format":"standard","meta":{"_seopress_robots_primary_cat":"","_seopress_titles_title":"","_seopress_titles_desc":"","_seopress_robots_index":"","_et_pb_use_builder":"","_et_pb_old_content":"","_et_gb_content_width":"","inline_featured_image":false,"footnotes":""},"categories":[14,12],"tags":[],"class_list":["post-264079","post","type-post","status-publish","format-standard","has-post-thumbnail","hentry","category-vijesti","category-prica-dana"],"_links":{"self":[{"href":"https:\/\/www.pcnen.com\/portal\/wp-json\/wp\/v2\/posts\/264079","targetHints":{"allow":["GET"]}}],"collection":[{"href":"https:\/\/www.pcnen.com\/portal\/wp-json\/wp\/v2\/posts"}],"about":[{"href":"https:\/\/www.pcnen.com\/portal\/wp-json\/wp\/v2\/types\/post"}],"author":[{"embeddable":true,"href":"https:\/\/www.pcnen.com\/portal\/wp-json\/wp\/v2\/users\/1"}],"replies":[{"embeddable":true,"href":"https:\/\/www.pcnen.com\/portal\/wp-json\/wp\/v2\/comments?post=264079"}],"version-history":[{"count":0,"href":"https:\/\/www.pcnen.com\/portal\/wp-json\/wp\/v2\/posts\/264079\/revisions"}],"wp:featuredmedia":[{"embeddable":true,"href":"https:\/\/www.pcnen.com\/portal\/wp-json\/wp\/v2\/media\/264080"}],"wp:attachment":[{"href":"https:\/\/www.pcnen.com\/portal\/wp-json\/wp\/v2\/media?parent=264079"}],"wp:term":[{"taxonomy":"category","embeddable":true,"href":"https:\/\/www.pcnen.com\/portal\/wp-json\/wp\/v2\/categories?post=264079"},{"taxonomy":"post_tag","embeddable":true,"href":"https:\/\/www.pcnen.com\/portal\/wp-json\/wp\/v2\/tags?post=264079"}],"curies":[{"name":"wp","href":"https:\/\/api.w.org\/{rel}","templated":true}]}}