{"id":264073,"date":"2019-04-06T17:29:24","date_gmt":"2019-04-06T15:29:24","guid":{"rendered":"http:\/\/www.pcnen.com\/portal\/?p=264073"},"modified":"2019-04-06T18:01:28","modified_gmt":"2019-04-06T16:01:28","slug":"papa-evropa-i-sad-sire-sukobe","status":"publish","type":"post","link":"https:\/\/www.pcnen.com\/portal\/2019\/04\/06\/papa-evropa-i-sad-sire-sukobe\/","title":{"rendered":"Papa: Evropa i SAD \u0161ire sukobe"},"content":{"rendered":"<p><img loading=\"lazy\" decoding=\"async\" src=\"http:\/\/www.pcnen.com\/portal\/wp-content\/uploads\/2013\/05\/Papa-Franjo-300x211.jpg\" alt=\"\" width=\"300\" height=\"211\" class=\"alignright size-medium wp-image-114176\" \/>Papa Franjo je optu\u017eio Evropu i SAD za prodaju naoru\u017eanja u ratnim zonama, \u010dime su doprinijeli \u0161irenju sukoba i uzrokovali \u017ertve u Siriji, Jemenu i Avganistanu.<\/p>\n<p>Papa je, u obra\u0107anju studentima i profesorima na milanskom Institutu San Karlo, istakao da je razlog zbog tako mnogobrojnih ratova u svijetu jer &#8220;bogata\u0161i iz Evrope i SAD prodaju naoru\u017eanje koje se koristi za ubistva djece i ljudi&#8221;, prenosi Srna.<\/p>\n<p>&#8220;Bez naoru\u017eanja, zemlje poput Sirije, Jemena i Avganistana ne bi bile zahva\u0107ene ratom&#8221;, naglasio je papa.<\/p>\n<p>Prema njegovim rije\u010dima, zemlja koja proizvodi i prodaje oru\u017eje &#8220;na svojoj savjesti nosi smrt svakog dijeteta i razaranje porodice&#8221;.<\/p>\n","protected":false},"excerpt":{"rendered":"<p>Papa Franjo je optu\u017eio Evropu i SAD za prodaju naoru\u017eanja u ratnim zonama, \u010dime su doprinijeli \u0161irenju sukoba i uzrokovali \u017ertve u Siriji, Jemenu i Avganistanu. Papa je, u obra\u0107anju studentima i profesorima na milanskom Institutu San Karlo, istakao da je razlog zbog tako mnogobrojnih ratova u svijetu jer &#8220;bogata\u0161i iz Evrope i SAD prodaju [&hellip;]<\/p>\n","protected":false},"author":1,"featured_media":0,"comment_status":"open","ping_status":"closed","sticky":false,"template":"","format":"standard","meta":{"_seopress_robots_primary_cat":"","_seopress_titles_title":"","_seopress_titles_desc":"","_seopress_robots_index":"","_et_pb_use_builder":"","_et_pb_old_content":"","_et_gb_content_width":"","inline_featured_image":false,"footnotes":""},"categories":[14,12],"tags":[],"class_list":["post-264073","post","type-post","status-publish","format-standard","hentry","category-vijesti","category-prica-dana"],"_links":{"self":[{"href":"https:\/\/www.pcnen.com\/portal\/wp-json\/wp\/v2\/posts\/264073","targetHints":{"allow":["GET"]}}],"collection":[{"href":"https:\/\/www.pcnen.com\/portal\/wp-json\/wp\/v2\/posts"}],"about":[{"href":"https:\/\/www.pcnen.com\/portal\/wp-json\/wp\/v2\/types\/post"}],"author":[{"embeddable":true,"href":"https:\/\/www.pcnen.com\/portal\/wp-json\/wp\/v2\/users\/1"}],"replies":[{"embeddable":true,"href":"https:\/\/www.pcnen.com\/portal\/wp-json\/wp\/v2\/comments?post=264073"}],"version-history":[{"count":0,"href":"https:\/\/www.pcnen.com\/portal\/wp-json\/wp\/v2\/posts\/264073\/revisions"}],"wp:attachment":[{"href":"https:\/\/www.pcnen.com\/portal\/wp-json\/wp\/v2\/media?parent=264073"}],"wp:term":[{"taxonomy":"category","embeddable":true,"href":"https:\/\/www.pcnen.com\/portal\/wp-json\/wp\/v2\/categories?post=264073"},{"taxonomy":"post_tag","embeddable":true,"href":"https:\/\/www.pcnen.com\/portal\/wp-json\/wp\/v2\/tags?post=264073"}],"curies":[{"name":"wp","href":"https:\/\/api.w.org\/{rel}","templated":true}]}}