{"id":264006,"date":"2019-04-05T12:36:18","date_gmt":"2019-04-05T10:36:18","guid":{"rendered":"http:\/\/www.pcnen.com\/portal\/?p=264006"},"modified":"2019-04-05T12:36:18","modified_gmt":"2019-04-05T10:36:18","slug":"asanza-izbaciju-iz-ambasade-ekvadora","status":"publish","type":"post","link":"https:\/\/www.pcnen.com\/portal\/2019\/04\/05\/asanza-izbaciju-iz-ambasade-ekvadora\/","title":{"rendered":"Asan\u017ea izbaciju iz ambasade Ekvadora"},"content":{"rendered":"<p><img loading=\"lazy\" decoding=\"async\" class=\"alignright size-full wp-image-86742\" src=\"http:\/\/www.pcnen.com\/portal\/wp-content\/uploads\/2012\/06\/Dzulian_Asandz.jpg\" alt=\"\" width=\"263\" height=\"192\" \/>Osniva\u010d Vikiliksa (WikiLeaks) D\u017eulijan Asan\u017e bi\u0107e u slede\u0107im satima ili danima izba\u010den iz ekvadorske ambasade u Londonu, poru\u010dila je ta organizacija, prenose agencije.<\/p>\n<p>&#8220;Visoko pozicionirani izvor iz Ekvadora rekao je Vikiliksu da \u0107e D\u017eulijan Asan\u017e biti izba\u010den u \u2018nekoliko sati ili dana\u2019, a kao izgovor iskoristi\u0107e se skandal #INAPapers. Ve\u0107 postoji dogovor s Velikom Britanijom oko njegovog hap\u0161enja\u201c, pi\u0161e u objavi.<\/p>\n<p>&#8220;INA dokumenti\u201c predstavljaju zbirku dokumenata poslatih jednom ekvadorskom parlamentarcu u kojima se ekvadorski predsjednik Lenin Moreno optu\u017euje za korupciju.<\/p>\n<p>Izjava Vikiliksa dolazi dva dana nakon \u0161to je Moreno optu\u017eio Asan\u017ea da kr\u0161i dogovor o svom azilu.<\/p>\n<p>Asan\u017e se sklonio u ambasadu 2012. godine kako bi izbjegao hap\u0161enje i izru\u010denje u \u0160vedsku gdje je optu\u017een za silovanje.<\/p>\n<p>\u0160vedsko pravosu\u0111e u me\u0111uvremenu je odbacilo prijavu, ali britanske vlasti napominju da \u0107e uhapsiti Australijanca kada napusti ambasadu jer kr\u0161i svoju uslovnu slobodu bje\u017eanjem.<\/p>\n<p>Asan\u017e ka\u017ee da strahuje od izru\u010denja SAD-u gdje bi mogao biti optu\u017een za objavu hakovanih vladinih dokumenata oko ratova u Avganistanu i Iraku.<\/p>\n<p>Njegov odnos s ambasadom pogor\u0161ao se u poslednjih nekoliko godina, a Ekvador mu je pro\u0161le godine ukinuo internet.<\/p>\n","protected":false},"excerpt":{"rendered":"<p>Osniva\u010d Vikiliksa (WikiLeaks) D\u017eulijan Asan\u017e bi\u0107e u slede\u0107im satima ili danima izba\u010den iz ekvadorske ambasade u Londonu, poru\u010dila je ta organizacija, prenose agencije. &#8220;Visoko pozicionirani izvor iz Ekvadora rekao je Vikiliksu da \u0107e D\u017eulijan Asan\u017e biti izba\u010den u \u2018nekoliko sati ili dana\u2019, a kao izgovor iskoristi\u0107e se skandal #INAPapers. Ve\u0107 postoji dogovor s Velikom Britanijom [&hellip;]<\/p>\n","protected":false},"author":1,"featured_media":0,"comment_status":"open","ping_status":"closed","sticky":false,"template":"","format":"standard","meta":{"_seopress_robots_primary_cat":"","_seopress_titles_title":"","_seopress_titles_desc":"","_seopress_robots_index":"","_et_pb_use_builder":"","_et_pb_old_content":"","_et_gb_content_width":"","inline_featured_image":false,"footnotes":""},"categories":[14,12],"tags":[],"class_list":["post-264006","post","type-post","status-publish","format-standard","hentry","category-vijesti","category-prica-dana"],"_links":{"self":[{"href":"https:\/\/www.pcnen.com\/portal\/wp-json\/wp\/v2\/posts\/264006","targetHints":{"allow":["GET"]}}],"collection":[{"href":"https:\/\/www.pcnen.com\/portal\/wp-json\/wp\/v2\/posts"}],"about":[{"href":"https:\/\/www.pcnen.com\/portal\/wp-json\/wp\/v2\/types\/post"}],"author":[{"embeddable":true,"href":"https:\/\/www.pcnen.com\/portal\/wp-json\/wp\/v2\/users\/1"}],"replies":[{"embeddable":true,"href":"https:\/\/www.pcnen.com\/portal\/wp-json\/wp\/v2\/comments?post=264006"}],"version-history":[{"count":0,"href":"https:\/\/www.pcnen.com\/portal\/wp-json\/wp\/v2\/posts\/264006\/revisions"}],"wp:attachment":[{"href":"https:\/\/www.pcnen.com\/portal\/wp-json\/wp\/v2\/media?parent=264006"}],"wp:term":[{"taxonomy":"category","embeddable":true,"href":"https:\/\/www.pcnen.com\/portal\/wp-json\/wp\/v2\/categories?post=264006"},{"taxonomy":"post_tag","embeddable":true,"href":"https:\/\/www.pcnen.com\/portal\/wp-json\/wp\/v2\/tags?post=264006"}],"curies":[{"name":"wp","href":"https:\/\/api.w.org\/{rel}","templated":true}]}}