{"id":264005,"date":"2019-04-05T12:47:52","date_gmt":"2019-04-05T10:47:52","guid":{"rendered":"http:\/\/www.pcnen.com\/portal\/?p=264005"},"modified":"2019-10-09T22:52:42","modified_gmt":"2019-10-09T20:52:42","slug":"zarobljena-drzava","status":"publish","type":"post","link":"https:\/\/www.pcnen.com\/portal\/2019\/04\/05\/zarobljena-drzava\/","title":{"rendered":"Zarobljena dr\u017eava"},"content":{"rendered":"<p>Ve\u0107 dva mjeseca traju najve\u0107i gra\u0111anski protesti u Crnoj Gori, a vlast i \u201einstitucije\u201c nijesu preduzeli ni\u0161ta na rje\u0161avanju zahtjeva gra\u0111ana. Crna Gora, da se razumijemo, instuticija nema. A od ne\u010dega \u010dega nema, osim na papiru, ne mo\u017eete o\u010dekivati da rije\u0161i problem. Zato se vlast, kada se uhvati u kr\u0161enju zakona, uvijek poziva na \u201einstutucije\u201c. Kada ka\u017eu \u201epustite institucije da rade svoj posao\u201c, to u prevodu zna\u0107i \u201epozdravi ga po Milanu\u201c &#8211; \u0161to bi se narodski kazalo.<\/p>\n<p>Mnogi, pogotovo do pucanja upregnuti re\u017eimski mediji, na \u010delu sa tzv. javnim servisom, zamjeraju organizatorima protesta da \u0107e da uru\u0161e dr\u017eavu jer tra\u017ee ostavke \u010delnih ljudi brojnih institucija. Zaboravljaju da su dr\u017eavu uru\u0161ili oni koji su od \u201einstitucija\u201c napravili svoj partijsko-koruptivni servis.<\/p>\n<p>Ka\u017eu i da je previ\u0161e zahtjeva za ostavkama, da su zahtjevi maksimalisti\u010dki. Da podsjetim, u zahtjevima npr. nije tra\u017eena ostavka guvernera Centralne banke. Poslije afere sa IMB i Atlas bankom, te hap\u0161enja njegovog bliskog saradnika zbog dilova sa Kne\u017eevi\u0107em, u dr\u017eavi \u2013 ako je dr\u017eava, guverener bi odmah bio ne samo smjenjen, ve\u0107 i procesuiran. Guverner i doktor nauka(?) \u017dugi\u0107, me\u0111utim, i dalje \u201euspje\u0161no\u201c kontroli\u0161e bankarski sistem.<\/p>\n<p>Nismo tra\u017eili ni ostavku predsjednika Skup\u0161tine Ivana Brajovi\u0107a, la\u017enog svjedoka u aferi Ramada. Zamislite dr\u017eavu i njen ugled ako joj se na \u010delu Skup\u0161tine nalazi la\u017eni svjedok u sudskom postupku! Famoznu prodaju placa da ne pominjem.<\/p>\n<p>Specijalni dr\u017eavni tu\u017eilac, kome su u njegovoj smostalnosti o\u010digledno zabranili da se dalje javno eksponira zbog \u00a0svojih \u201eo\u0161troumnih\u201c izjava i rje\u010dnika, ne ba\u0161 davno je pozvao Medojevi\u0107a da da iskaz povodom izre\u010denih javnih tvrdnji i optu\u017ebi. Kako se ovaj nije odazvao, uhapsio ga je, iako je poslanik pod imunitetom.<\/p>\n<p>Ja ve\u0107 godinama javno tvrdim, i evo, ovdje, javno ponavljam: Milo \u0110ukanovi\u0107 je kao tada\u0161nji predsjednik vlade komandno odgovoran za najve\u0107i ratni zlo\u010din u novijoj istoriji Crne Gore, deportaciju BiH izbjeglica. Odmah \u0107u se odazvati pozivu tzv. Specijalnog tu\u017eioca da mu predo\u010dim, svima, pa i njemu znane i nesporne \u010dinjenice koje dokazuju \u0110ukanovi\u0107evu komandnu odgovornost. Normalno, tzv. Specijalni dr\u017eavni tu\u017eilac me ne\u0107e pozvati, niti uhapsiti, jer je pion u zarobljenoj dr\u017eavi, zarobljenih institucija. Ne\u0107e, iako evropska komisija iz izvje\u0161taja u izvje\u0161taj nagla\u0161ava da Crna Gora nije uradila dovoljno na procesuiranju odgovornih za ratne zlo\u010dine.<\/p>\n<p>U svoj ovoj pri\u010di, doju\u010dera\u0161nji \u0110ukanovi\u0107ev li\u010dni prijatelj i poslovni partner Du\u0161ko Kne\u017eevi\u0107, posle mafija\u0161kog sukoba u kome je izvukao deblji kraj, iz Londona dijeli lekcije organizatorima protesta, pozivaju\u0107i se \u010dak na svoj autoritet. I novac, normalno. Misli, kao doju\u010dera\u0161nji mu poslovni parter, da se novcem mo\u017ee kupiti ba\u0161 sve, pa i ugled. Kne\u017eevi\u0107 uporno tra\u017ei od organizatora protesta da i on \u201ekao inicijator protesta stane pod istu kapu sa organizatorima\u201c, te da mu se omogu\u0107i da govori na njemu.<\/p>\n<p>Pod istu kapu nikako ne mo\u017eemo. Mi smo dva pola, on i \u0110ukanovi\u0107 kriminalni, mi gra\u0111anski. Onih gra\u0111ana koje su zajedno plja\u010dkali decenijama.<\/p>\n<p>Kada se sve ovo zavr\u0161i, oslobode institucije, mo\u017eemo mu obe\u0107ati da \u0107e imati po\u0161teno su\u0111enje i vjerovatno ubla\u017eenu kaznu, kao svjedok \u2013 saradnik. Ni vi\u0161e, ni manje.<\/p>\n<blockquote><p>Na kraju, da poru\u010dim na\u0161im \u201eme\u0111unarodnim prijateljima sa Zapada\u201c: \u0110ukanovi\u0107 je problem a ne rje\u0161enje. On je glavni krivac za vladavinu neprava, zarobljenost institucija, partijsku dr\u017eavu, neslobodne i neregularne izbore. U DPS-u nema zdravog tkiva, bar ne u njegovom vrhu. \u0110ukanovi\u0107 jeste bespogovorni poslu\u0161nik na me\u0111unarodnom planu, ali je faktor nestabilnosti na unutra\u0161njem. Podr\u017eavaju\u0107i njega, podr\u017eavaju najgori vid antievropskih i anticivilizacijskih vrijednosti. Vrijeme je da mu ka\u017eu tj. narede da ode.<\/p><\/blockquote>\n","protected":false},"excerpt":{"rendered":"<p>Pi\u0161e: Omer \u0160ARKI\u0106<\/p>\n","protected":false},"author":12,"featured_media":0,"comment_status":"open","ping_status":"closed","sticky":false,"template":"","format":"standard","meta":{"_seopress_robots_primary_cat":"","_seopress_titles_title":"","_seopress_titles_desc":"","_seopress_robots_index":"","_et_pb_use_builder":"","_et_pb_old_content":"","_et_gb_content_width":"","inline_featured_image":false,"footnotes":""},"categories":[17],"tags":[],"class_list":["post-264005","post","type-post","status-publish","format-standard","hentry","category-blogovi"],"_links":{"self":[{"href":"https:\/\/www.pcnen.com\/portal\/wp-json\/wp\/v2\/posts\/264005","targetHints":{"allow":["GET"]}}],"collection":[{"href":"https:\/\/www.pcnen.com\/portal\/wp-json\/wp\/v2\/posts"}],"about":[{"href":"https:\/\/www.pcnen.com\/portal\/wp-json\/wp\/v2\/types\/post"}],"author":[{"embeddable":true,"href":"https:\/\/www.pcnen.com\/portal\/wp-json\/wp\/v2\/users\/12"}],"replies":[{"embeddable":true,"href":"https:\/\/www.pcnen.com\/portal\/wp-json\/wp\/v2\/comments?post=264005"}],"version-history":[{"count":0,"href":"https:\/\/www.pcnen.com\/portal\/wp-json\/wp\/v2\/posts\/264005\/revisions"}],"wp:attachment":[{"href":"https:\/\/www.pcnen.com\/portal\/wp-json\/wp\/v2\/media?parent=264005"}],"wp:term":[{"taxonomy":"category","embeddable":true,"href":"https:\/\/www.pcnen.com\/portal\/wp-json\/wp\/v2\/categories?post=264005"},{"taxonomy":"post_tag","embeddable":true,"href":"https:\/\/www.pcnen.com\/portal\/wp-json\/wp\/v2\/tags?post=264005"}],"curies":[{"name":"wp","href":"https:\/\/api.w.org\/{rel}","templated":true}]}}