{"id":263948,"date":"2019-04-04T15:06:31","date_gmt":"2019-04-04T13:06:31","guid":{"rendered":"http:\/\/www.pcnen.com\/portal\/?p=263948"},"modified":"2019-04-04T15:06:31","modified_gmt":"2019-04-04T13:06:31","slug":"studentski-javni-cas-u-niksicu","status":"publish","type":"post","link":"https:\/\/www.pcnen.com\/portal\/2019\/04\/04\/studentski-javni-cas-u-niksicu\/","title":{"rendered":"Studentski &#8216;javni \u010das&#8217; u Nik\u0161i\u0107u"},"content":{"rendered":"<p><img loading=\"lazy\" decoding=\"async\" class=\"alignright size-full wp-image-69706\" src=\"http:\/\/www.pcnen.com\/portal\/wp-content\/uploads\/2011\/12\/studenti.jpg\" alt=\"\" width=\"259\" height=\"194\" \/>Studenti i studentkinje Filozofskog i Filolo\u0161kog fakulteta u Nik\u0161i\u0107u su danas odr\u017eali<a href=\"https:\/\/www.facebook.com\/IN4Sportal\/videos\/730551077340179\/\"> &#8216;javni \u010das&#8217;<\/a> i zatra\u017eili ostavku fakultetske uprave.<\/p>\n<p>Protest, odr\u017ean u pomen na Dan studenata, zapo\u010deo je minutom \u0107utanja za sve studente\/studentkinje koji su dali \u017eivote u borbu za bolju budu\u0107nost.<\/p>\n<p>Uprava fakulteta nije dozvolila da se javni \u010das odr\u017ei u amfiteatru fakulteta, pa su studenti\/kinje ispred vrata dekanata skandirali: \u201cIzlazite napolje\u201c i \u201cUprava napolje\u201c.<\/p>\n<p>Protesti \u0107e, kako je najavljeno, biti odr\u017eavani svakog \u010detvrtka dok im uprava ne omogu\u0107i da odr\u017ee javni \u010das u sali amfiteatra.<\/p>\n","protected":false},"excerpt":{"rendered":"<p>Studenti i studentkinje Filozofskog i Filolo\u0161kog fakulteta u Nik\u0161i\u0107u su danas odr\u017eali &#8216;javni \u010das&#8217; i zatra\u017eili ostavku fakultetske uprave. Protest, odr\u017ean u pomen na Dan studenata, zapo\u010deo je minutom \u0107utanja za sve studente\/studentkinje koji su dali \u017eivote u borbu za bolju budu\u0107nost. Uprava fakulteta nije dozvolila da se javni \u010das odr\u017ei u amfiteatru fakulteta, pa [&hellip;]<\/p>\n","protected":false},"author":1,"featured_media":0,"comment_status":"open","ping_status":"closed","sticky":false,"template":"","format":"standard","meta":{"_seopress_robots_primary_cat":"","_seopress_titles_title":"","_seopress_titles_desc":"","_seopress_robots_index":"","_et_pb_use_builder":"","_et_pb_old_content":"","_et_gb_content_width":"","inline_featured_image":false,"footnotes":""},"categories":[14,12],"tags":[],"class_list":["post-263948","post","type-post","status-publish","format-standard","hentry","category-vijesti","category-prica-dana"],"_links":{"self":[{"href":"https:\/\/www.pcnen.com\/portal\/wp-json\/wp\/v2\/posts\/263948","targetHints":{"allow":["GET"]}}],"collection":[{"href":"https:\/\/www.pcnen.com\/portal\/wp-json\/wp\/v2\/posts"}],"about":[{"href":"https:\/\/www.pcnen.com\/portal\/wp-json\/wp\/v2\/types\/post"}],"author":[{"embeddable":true,"href":"https:\/\/www.pcnen.com\/portal\/wp-json\/wp\/v2\/users\/1"}],"replies":[{"embeddable":true,"href":"https:\/\/www.pcnen.com\/portal\/wp-json\/wp\/v2\/comments?post=263948"}],"version-history":[{"count":0,"href":"https:\/\/www.pcnen.com\/portal\/wp-json\/wp\/v2\/posts\/263948\/revisions"}],"wp:attachment":[{"href":"https:\/\/www.pcnen.com\/portal\/wp-json\/wp\/v2\/media?parent=263948"}],"wp:term":[{"taxonomy":"category","embeddable":true,"href":"https:\/\/www.pcnen.com\/portal\/wp-json\/wp\/v2\/categories?post=263948"},{"taxonomy":"post_tag","embeddable":true,"href":"https:\/\/www.pcnen.com\/portal\/wp-json\/wp\/v2\/tags?post=263948"}],"curies":[{"name":"wp","href":"https:\/\/api.w.org\/{rel}","templated":true}]}}