{"id":263933,"date":"2019-04-04T12:29:06","date_gmt":"2019-04-04T10:29:06","guid":{"rendered":"http:\/\/www.pcnen.com\/portal\/?p=263933"},"modified":"2019-04-04T12:29:06","modified_gmt":"2019-04-04T10:29:06","slug":"skracen-zivotni-vijek-zbog-zagadenog-vazduha","status":"publish","type":"post","link":"https:\/\/www.pcnen.com\/portal\/2019\/04\/04\/skracen-zivotni-vijek-zbog-zagadenog-vazduha\/","title":{"rendered":"Skra\u0107en \u017eivotni vijek zbog zaga\u0111enog vazduha"},"content":{"rendered":"<p><img loading=\"lazy\" decoding=\"async\" src=\"http:\/\/www.pcnen.com\/portal\/wp-content\/uploads\/2014\/03\/zagadjenje-300x186.jpg\" alt=\"\" width=\"300\" height=\"186\" class=\"alignright size-medium wp-image-141423\" \/>Svakom djetetu koje se rodi u dana\u0161nje vrijeme \u017eivotni vijek \u0107e u prosjeku biti skra\u0107en za 20 mjeseci zbog zaga\u0111enja vazduha, navodi neprofitna organizacija Health Effects Institute, prenosi Srna.<\/p>\n<p>U studiji objavljenoj tim povodom navedeno je da je zaga\u0111enje vazduha bilo uzrok bar jednog smrtnog slu\u010daja na svakih deset u 2017. godini.<\/p>\n<p>Zaga\u0111enje vazduha je opasnije od malarije ili saobra\u0107ajnih nesre\u0107a, navedeno je u studiji ovog instituta, koju prenosi Gardijan.<\/p>\n<p>Prema nau\u010dnim procjenama, na jugu Azije djeci \u0107e \u017eivot u prosjeku biti skra\u0107en za 30 mjeseci, a u Podsaharskoj Africi za 24 mjeseca.<\/p>\n<p>Visokoj stopi zaga\u0111enosti vazduha dorinose saobra\u0107aj i industrija, a u zatvorenim prostorijama uzrok je pogre\u0161an na\u010din kuvanja, bez cirkulacije vazduha.<\/p>\n<p>I stariji \u0107e imati skra\u0107eni \u017eivotni vijek zbog sve lo\u0161ijeg vazduha.<\/p>\n<p>Osobe starije od 50 godina \u010dine gotovo devet od deset smrtnih slu\u010dajeva koji se mogu pripisati zaga\u0111enju vazduha.<\/p>\n<p>Prema rezultatima studije, zaga\u0111enje vazduha uzrokovalo je 41 odsto globalnih smrtnih slu\u010dajeva od hroni\u010dne bolesti plu\u0107a, a 20 odsto od dijabetesa tipa dva, a tu su i rak plu\u0107a, ishemijske bolesti srca i mo\u017edani udari.<\/p>\n","protected":false},"excerpt":{"rendered":"<p>Svakom djetetu koje se rodi u dana\u0161nje vrijeme \u017eivotni vijek \u0107e u prosjeku biti skra\u0107en za 20 mjeseci zbog zaga\u0111enja vazduha, navodi neprofitna organizacija Health Effects Institute, prenosi Srna. U studiji objavljenoj tim povodom navedeno je da je zaga\u0111enje vazduha bilo uzrok bar jednog smrtnog slu\u010daja na svakih deset u 2017. godini. Zaga\u0111enje vazduha je [&hellip;]<\/p>\n","protected":false},"author":1,"featured_media":0,"comment_status":"open","ping_status":"closed","sticky":false,"template":"","format":"standard","meta":{"_seopress_robots_primary_cat":"","_seopress_titles_title":"","_seopress_titles_desc":"","_seopress_robots_index":"","_et_pb_use_builder":"","_et_pb_old_content":"","_et_gb_content_width":"","inline_featured_image":false,"footnotes":""},"categories":[14,12],"tags":[],"class_list":["post-263933","post","type-post","status-publish","format-standard","hentry","category-vijesti","category-prica-dana"],"_links":{"self":[{"href":"https:\/\/www.pcnen.com\/portal\/wp-json\/wp\/v2\/posts\/263933","targetHints":{"allow":["GET"]}}],"collection":[{"href":"https:\/\/www.pcnen.com\/portal\/wp-json\/wp\/v2\/posts"}],"about":[{"href":"https:\/\/www.pcnen.com\/portal\/wp-json\/wp\/v2\/types\/post"}],"author":[{"embeddable":true,"href":"https:\/\/www.pcnen.com\/portal\/wp-json\/wp\/v2\/users\/1"}],"replies":[{"embeddable":true,"href":"https:\/\/www.pcnen.com\/portal\/wp-json\/wp\/v2\/comments?post=263933"}],"version-history":[{"count":0,"href":"https:\/\/www.pcnen.com\/portal\/wp-json\/wp\/v2\/posts\/263933\/revisions"}],"wp:attachment":[{"href":"https:\/\/www.pcnen.com\/portal\/wp-json\/wp\/v2\/media?parent=263933"}],"wp:term":[{"taxonomy":"category","embeddable":true,"href":"https:\/\/www.pcnen.com\/portal\/wp-json\/wp\/v2\/categories?post=263933"},{"taxonomy":"post_tag","embeddable":true,"href":"https:\/\/www.pcnen.com\/portal\/wp-json\/wp\/v2\/tags?post=263933"}],"curies":[{"name":"wp","href":"https:\/\/api.w.org\/{rel}","templated":true}]}}